{"id":266417,"date":"2026-09-02T08:31:07","date_gmt":"2026-09-02T08:31:07","guid":{"rendered":"https:\/\/www.europesays.com\/ee\/266417\/"},"modified":"2026-09-02T08:31:07","modified_gmt":"2026-09-02T08:31:07","slug":"jacob-putnik-tuli-lati-meistrivoistluste-voitjaks-robert-matt-voitis-optimistide-regati","status":"publish","type":"post","link":"https:\/\/www.europesays.com\/ee\/266417\/","title":{"rendered":"Jacob Putnik tuli L\u00e4ti meistriv\u00f5istluste v\u00f5itjaks, Robert Matt v\u00f5itis Optimistide regati"},"content":{"rendered":"<p class=\"MsoNormal\">Meistriv\u00f5istluste v\u00f5itjaks tuli kaheksa s\u00f5idu kokkuv\u00f5ttes ILCA 4 klassis Jacob Putnik, kes v\u00f5itis kaheksast s\u00f5idust viis. Kolmanda poodiumiastme h\u00f5ivas tema vend Jaco Putnik, Tobias Kalle sai 6. ja Liisa Elissaar 13. koha.<\/p>\n<p class=\"MsoNormal\">Samas toimunud Salacgr\u012bva sadama regati Optimistidele v\u00f5itis \u00fclikindlalt Robert Matt, olles esimene eranditult k\u00f5igis v\u00f5istluss\u00f5itudes.<\/p>\n<p class=\"MsoNormal\">Juba sel n\u00e4dalal astuvad meie sportlased v\u00f5istlustulle P\u00e4rnus, kus toimuvad Eesti meistriv\u00f5istlused.<\/p>\n","protected":false},"excerpt":{"rendered":"Meistriv\u00f5istluste v\u00f5itjaks tuli kaheksa s\u00f5idu kokkuv\u00f5ttes ILCA 4 klassis Jacob Putnik, kes v\u00f5itis kaheksast s\u00f5idust viis. Kolmanda poodiumiastme&hellip;\n","protected":false},"author":2,"featured_media":266418,"comment_status":"","ping_status":"","sticky":false,"template":"","format":"standard","meta":{"footnotes":"","_share_on_mastodon":"0"},"categories":[18],"tags":[37,33,35,8766,34,36,103315,103316,103317,103313,103319,103321,1421,103322,14795,103320,159,158,103314,103318],"class_list":["post-266417","post","type-post","status-publish","format-standard","has-post-thumbnail","category-sport","tag-ee","tag-eesti","tag-eesti-keel","tag-eesti-meistrivoistlused","tag-estonia","tag-estonian","tag-ilca","tag-ilca-4","tag-jaco-putnik","tag-jacob-putnik","tag-liisa-elissaar","tag-optimistid","tag-parnu","tag-robert-matt","tag-salacgriva","tag-salacgriva-sadama-regatt","tag-sport","tag-sports","tag-ssa","tag-tobias-kalle"],"share_on_mastodon":{"url":"https:\/\/pubeurope.com\/@ee\/117200518396253908","error":""},"_links":{"self":[{"href":"https:\/\/www.europesays.com\/ee\/wp-json\/wp\/v2\/posts\/266417","targetHints":{"allow":["GET"]}}],"collection":[{"href":"https:\/\/www.europesays.com\/ee\/wp-json\/wp\/v2\/posts"}],"about":[{"href":"https:\/\/www.europesays.com\/ee\/wp-json\/wp\/v2\/types\/post"}],"author":[{"embeddable":true,"href":"https:\/\/www.europesays.com\/ee\/wp-json\/wp\/v2\/users\/2"}],"replies":[{"embeddable":true,"href":"https:\/\/www.europesays.com\/ee\/wp-json\/wp\/v2\/comments?post=266417"}],"version-history":[{"count":0,"href":"https:\/\/www.europesays.com\/ee\/wp-json\/wp\/v2\/posts\/266417\/revisions"}],"wp:featuredmedia":[{"embeddable":true,"href":"https:\/\/www.europesays.com\/ee\/wp-json\/wp\/v2\/media\/266418"}],"wp:attachment":[{"href":"https:\/\/www.europesays.com\/ee\/wp-json\/wp\/v2\/media?parent=266417"}],"wp:term":[{"taxonomy":"category","embeddable":true,"href":"https:\/\/www.europesays.com\/ee\/wp-json\/wp\/v2\/categories?post=266417"},{"taxonomy":"post_tag","embeddable":true,"href":"https:\/\/www.europesays.com\/ee\/wp-json\/wp\/v2\/tags?post=266417"}],"curies":[{"name":"wp","href":"https:\/\/api.w.org\/{rel}","templated":true}]}}