{"id":266425,"date":"2026-09-02T08:42:24","date_gmt":"2026-09-02T08:42:24","guid":{"rendered":"https:\/\/www.europesays.com\/ee\/266425\/"},"modified":"2026-09-02T08:42:24","modified_gmt":"2026-09-02T08:42:24","slug":"tschuss-koln-hallo-thun-kolme-paevaga-allkirjadeni-joudnud-kristal-see-uleminek-on-11-10-soccernet-ee","status":"publish","type":"post","link":"https:\/\/www.europesays.com\/ee\/266425\/","title":{"rendered":"Tsch\u00fcss , K\u00f6ln. Hallo , Thun. Kolme p\u00e4evaga allkirjadeni j\u00f5udnud Kristal: see \u00fcleminek on 11\/10 &#8211; Soccernet.ee"},"content":{"rendered":"<p><img decoding=\"async\" src=\"https:\/\/www.europesays.com\/ee\/wp-content\/uploads\/2026\/09\/1784830846.jpg\" alt=\"Patrik Kristal astus karj\u00e4\u00e4ris uue sammu. Foto: Liisi Troska \/ jalgpall.ee\"\/>&#13;\n<\/p>\n<p>Patrik Kristal tegi oma s\u00f5nade j\u00e4rgi 10-pallisel skaalal lausa 11 punkti v\u00e4\u00e4rt \u00fclemineku, kui liitus \u0160veitsi meistri FC Thuniga. Ka klubi enda tegudest peegeldub, et l\u00fckkest oldi v\u00e4ga huvitatud.<\/p>\n<p>18-aastane poolkaitsja Patrik Kristal sai selleks suveks Saksamaa k\u00f5rgliigaklubi K\u00f6lni j\u00e4relkasvutiimist esindusmeeskonna juurde. Ta tegi terve ettevalmistuse nendega, pidas mitmeid s\u00f5prusm\u00e4nge, sai ka kohalikelt ekspertidelt kiitvat tagasisidet, kuid tihedas konkurentsis s\u00f5elale ikkagi ei j\u00e4\u00e4nud.&#13;\n<\/p>\n<p>&#8220;Enne, kui ma \u00fcldse esindusse sain, leiti h\u00e4sti palju lolle p\u00f5hjuseid, miks ma ei ole sinna saanud. Ega mul ei olnudki alguses midagi teha. Need olid ikka v\u00e4ga lollid p\u00f5hjused. Aga kui ma l\u00f5puks esindusse sain, siis arvan, et n\u00e4itasin, miks ma peaksin seal olema, ja sellep\u00e4rast ma sinna ka j\u00e4in. Tunnen, et ma ei j\u00e4\u00e4nud \u00fckski kord trennides v\u00f5i m\u00e4ngudes alla. Ja see tulenes puhtalt minust: n\u00e4itasin, et mul on taset, et nendega hakkama saada,&#8221; r\u00e4\u00e4gib Kristal Soccernet.ee-le.&#13;\n<\/p>\n<p>Kristali tunnetuse kohaselt tegelikult palju puudu ei j\u00e4\u00e4nud, et ta oleks K\u00f6lni ka kolmandaks hooajaks j\u00e4\u00e4nud. Kuuest alustanud noorest j\u00e4id lauale kaks &#8211; nende seas Kristal &#8211; kuid l\u00f5puks oli klubi keskv\u00e4lja nii \u00e4ra pakkinud, et talle ruumi ei j\u00e4\u00e4nud. Saaks ju m\u00f5elda, et \u00e4kki \u00fcks-kaks vigastust oleks asja muutnud, aga sellest Kristal t\u00e4na enam \u00fcldse ei hooli.&#13;\n<\/p>\n<p><img decoding=\"async\" src=\"https:\/\/www.europesays.com\/ee\/wp-content\/uploads\/2026\/09\/1786632728.jpg\" alt=\"Peat\u00fckk K\u00f6lnis on (selleks korraks) l\u00f5ppenud. Foto: Scanpix \/ Steffie Wunderl \/ IMAGO\"\/>&#13;\n<\/p>\n<p>&#8220;Ma olen Thunis v\u00e4ga-v\u00e4ga-v\u00e4ga \u00f5nnelik. Minu jaoks on see nagu 11\/10 \u00fcleminek &#8211; sa saad m\u00e4ngida \u0160veitsi k\u00f5rgliigat pluss Euroopat. Ma ei n\u00e4e \u00fchtegi halba k\u00fclge,&#8221; \u00f5hkab ta rahulolevalt. &#8220;K\u00f6lni esindusega v\u00f5rreldes on tase umbes sama, kui mitte sama. Selles m\u00f5ttes vajab ainult see kunstmuru harjumist, aga muidu on k\u00f5ik v\u00e4ga okei. Siin on v\u00e4ga head kutid, toetavad, keegi pole ego. Mind v\u00f5eti v\u00e4ga h\u00e4sti vastu ja sain v\u00e4ga \u00e4geda kogemuse juba esimesel p\u00e4eval.&#8221;<\/p>\n<p>Liitumise p\u00e4eval tegi Kristal kaasa ka m\u00e4ngueelse treeningu. Muidugi selle pealt ta kohe m\u00e4ngima ei l\u00e4he, aga uus v\u00f5imalus tuleb ruttu peale &#8211; p\u00fchap\u00e4eval ollakse k\u00fclas praeguse seisuga tabelinaaber Sionil. Konverentsiliiga p\u00f5hiturniir algab 15. oktoobril.\u00a0&#13;\n<\/p>\n<p>Vaid rohelised tuled&#13;\n<\/p>\n<p>Sel suvel r\u00e4\u00e4giti Kristalist ja tema tulevikust palju. Eks ta oli ise ka pisut rahutu, et samm Regionalligast edasi tuli niiv\u00f5rd raskelt, eriti, kui klubi saatis samal ajal segaseid signaale. Uut m\u00e4ngupaika valides l\u00e4htus ta sellest, millisel liigatasemel see pallib, mida klubi pakub ja kuidas nad Kristalisse suhtuvad. Thun, kus m\u00e4ngib teist hooaega koondisekaaslane Mattias K\u00e4it, joonistas seepeale kolm rohelist linnukest.&#13;\n<\/p>\n<p>&#8220;See, mida nad pakkusid ja millist tahet nad minu vastu n\u00e4itasid, n\u00e4itas, kui v\u00e4ga nad hoolivad. K\u00f5ik k\u00e4is h\u00e4sti kiiresti: ma arvan mingisuguse kolme p\u00e4evaga sai k\u00f5ik tehtud. See t\u00e4hendab mulle endale ka h\u00e4sti palju, kui ma tean, et klubi tahab mind ja on valmis minu saamiseks tegema v\u00e4ga palju. Muidugi on \u00fcks faktor ka see, et minu v\u00e4ga hea s\u00f5ber Mattias on ka siin,&#8221; selgitab Kristal, kes on Thuniga esialgu seotud laenu alusel, seej\u00e4rel on klubil ostuv\u00f5imalus.&#13;\n<\/p>\n<p>&#13;\n<\/p>\n<p>Huvi olla tublisti olnud mujaltki, aga Kristal ei tahtnud kuhugi tormata, vaid rahus vaadata, kuhu ta p\u00e4riselt minna tahaks. Ta proovis m\u00f5ista, milline samm oleks loogiline ja piisavalt v\u00e4ljakutsuv. Poleks ju m\u00f5tet minna nimekasse klubisse istuma v\u00f5i kuhugi madalamale lihtsalt minuteid tegema. Novembris 19. s\u00fcnnip\u00e4eva t\u00e4histav Kristal kinnitab, et sai l\u00e4bi terve suve tugiisikutelt vajalikku toetust, et see \u00f5ige valik teha.<\/p>\n<p>Otseloomulikult kostis Thunile veel enne otsustamist oma hea s\u00f5na K\u00e4it, aga eraldi k\u00fcsimise peale ka K\u00f6lni esinduse \u0161veitslasest kaitsja\u00a0Joel Schmied. Ette v\u00f5eti ka koondisem\u00e4ngud, mida on noorel poolkaitsjal kokku 14, ja suvised s\u00f5prusm\u00e4ngud. &#8220;Ma arvan, et k\u00f5ik see kokku andis v\u00e4ga hea pildi. Ja eks Mattias natuke moositas ka,&#8221; muheleb Kristal.&#13;\n<\/p>\n<p>Mingeid numbrilisi kindlaid sihte pole Kristal endale \u0160veitsi kaasa seadnud. K\u00fcll aga proovib ta kinni pidada juba juurdunud p\u00f5him\u00f5tetest. &#8220;Kui l\u00e4ksin K\u00f6lni esinduse juurde, siis oli mu eesm\u00e4rk olla k\u00f5ige parem noor. Ja arvan, et ma olin,&#8221; arutleb ta. &#8220;Siin tahan algusest peale n\u00e4idata, et ma pean siin olema ja ma v\u00e4\u00e4rin siin olla ja k\u00f5ik \u00fclej\u00e4\u00e4nud tuleb koos sellega. K\u00f5ik muu tuleb, kui n\u00e4itad, et oled n\u00f5us t\u00f6\u00f6d tegema,&#8221; usub ta. &#8220;Siin oli ka v\u00e4ike k\u00fcsimus sellega, mis positsioonil m\u00e4ngida tahan. \u00dctlesin l\u00f5puks, et t\u00e4iesti \u00fcksk\u00f5ik &#8211; ma v\u00f5in igal pool m\u00e4ngida!&#8221;&#13;\n<\/p>\n<p>N\u00fc\u00fcd, kui teatav t\u00f6\u00f6rahu on saavutatud, utsitab Kristal omasid pisut peeglisse vaatama. &#8220;Me v\u00f5iksime rohkem \u00fcksteist hoida, mitte maha teha. Me oleme v\u00e4ike riik ja pigem toetame neid, kes meil v\u00e4lismaal m\u00e4ngivad,&#8221; l\u00f5petab Patrik Kristal k\u00f5ne \u0160veitsist.<\/p>\n","protected":false},"excerpt":{"rendered":"&#13; Patrik Kristal tegi oma s\u00f5nade j\u00e4rgi 10-pallisel skaalal lausa 11 punkti v\u00e4\u00e4rt \u00fclemineku, kui liitus \u0160veitsi meistri&hellip;\n","protected":false},"author":2,"featured_media":266426,"comment_status":"","ping_status":"","sticky":false,"template":"","format":"standard","meta":{"footnotes":"","_share_on_mastodon":"0"},"categories":[18],"tags":[37,33,35,34,36,19407,6576,1159,7231,5651,921,159,158,4588,8582],"class_list":["post-266425","post","type-post","status-publish","format-standard","has-post-thumbnail","category-sport","tag-ee","tag-eesti","tag-eesti-keel","tag-estonia","tag-estonian","tag-fc-thun","tag-kait","tag-koln","tag-kristal","tag-mattias-kait","tag-patrik-kristal","tag-sport","tag-sports","tag-sveits","tag-thun"],"share_on_mastodon":{"url":"https:\/\/pubeurope.com\/@ee\/117200561914545690","error":""},"_links":{"self":[{"href":"https:\/\/www.europesays.com\/ee\/wp-json\/wp\/v2\/posts\/266425","targetHints":{"allow":["GET"]}}],"collection":[{"href":"https:\/\/www.europesays.com\/ee\/wp-json\/wp\/v2\/posts"}],"about":[{"href":"https:\/\/www.europesays.com\/ee\/wp-json\/wp\/v2\/types\/post"}],"author":[{"embeddable":true,"href":"https:\/\/www.europesays.com\/ee\/wp-json\/wp\/v2\/users\/2"}],"replies":[{"embeddable":true,"href":"https:\/\/www.europesays.com\/ee\/wp-json\/wp\/v2\/comments?post=266425"}],"version-history":[{"count":0,"href":"https:\/\/www.europesays.com\/ee\/wp-json\/wp\/v2\/posts\/266425\/revisions"}],"wp:featuredmedia":[{"embeddable":true,"href":"https:\/\/www.europesays.com\/ee\/wp-json\/wp\/v2\/media\/266426"}],"wp:attachment":[{"href":"https:\/\/www.europesays.com\/ee\/wp-json\/wp\/v2\/media?parent=266425"}],"wp:term":[{"taxonomy":"category","embeddable":true,"href":"https:\/\/www.europesays.com\/ee\/wp-json\/wp\/v2\/categories?post=266425"},{"taxonomy":"post_tag","embeddable":true,"href":"https:\/\/www.europesays.com\/ee\/wp-json\/wp\/v2\/tags?post=266425"}],"curies":[{"name":"wp","href":"https:\/\/api.w.org\/{rel}","templated":true}]}}