{"id":266435,"date":"2026-09-02T08:53:09","date_gmt":"2026-09-02T08:53:09","guid":{"rendered":"https:\/\/www.europesays.com\/ee\/266435\/"},"modified":"2026-09-02T08:53:09","modified_gmt":"2026-09-02T08:53:09","slug":"eesti-kardisportlased-soitsid-latis-esikolmikusse-kardisport","status":"publish","type":"post","link":"https:\/\/www.europesays.com\/ee\/266435\/","title":{"rendered":"Eesti kardisportlased s\u00f5itsid L\u00e4tis esikolmikusse | Kardisport"},"content":{"rendered":"<p>M\u00f6\u00f6dunud n\u00e4dalavahetusel s\u00f5ideti L\u00e4tis Raceway Baltic kardirajal kohaliku Rotaxi sarja ning Rotax Nordic Challenge sarja neljandad etapid. Eestlasi osales kokku 27 ning viis neist l\u00f5petasid v\u00f5istluse poodiumil. <\/p>\n<p>K\u00f5ige noorematele m\u00f5eldud Nano klassis osalesid k\u00fcmne v\u00f5istleja seas \u00f5de ja vend Emma ja Ralf Tiitson. Seekordsel v\u00f5istlusel oli edukam Emma, kes juba ajas\u00f5idus n\u00e4itas neljandat aega. Esimeses eels\u00f5idus \u00f5nnestus Emmal t\u00f5usta teiseks ning teise eels\u00f5idu l\u00f5petas ta neljandana. Superfinaalist v\u00f5ttis Emma kolmanda koha ning Ralf fini\u0161eeris seitsmendana, vahendab <a href=\"https:\/\/autosport.ee\/kardisport\/mitmed-eesti-kardisportlased-soitsid-end-latis-poodiumile\/\" target=\"_blank\" rel=\"noopener nofollow\">Autosport.ee<\/a>.<\/p>\n<p>Rotax MiniMaxi 17 s\u00f5itja pikkuses v\u00f5istlejaterivis oli vaid \u00fcks eestlane \u2013 Karl K\u00f5rgekuhi. Kvalifikatsioons\u00f5idus n\u00e4itas eestlane m\u00e4rkimisv\u00e4\u00e4rset kolmandat aega, kaotades v\u00f5itjale vaid 0,046 sekundit. Eels\u00f5idud l\u00f5petas K\u00f5rgekuhi vastavalt k\u00f5rgel teisel ja neljandal positsioonil. Ka superfinaali fini\u0161eeris eestlane neljandana, kuid ajakaristuse t\u00f5ttu langes ta 15. positsioonile.<\/p>\n<p>Rotax Max Junior klassis startis 24 v\u00f5istlejat, kelle hulgas oli neli eestlast: Nikita Ljubimov, Markus Jauk, Henry Kadastik ning Sebastian Niinem\u00e4e. Kvalifikatsioonis oli neist kiireim Jauk, kes jagas ajas\u00f5idu v\u00f5itu kaaskonkurendiga, kelle aeg oli eestlase omaga tuhandiku t\u00e4psusega sama. Eels\u00f5itudest kogus aga k\u00f5ige rohkem punkte Ljubimov, fini\u0161eerides esimese s\u00f5idu kolmandana ning teise esimesena. Ka superfinaali l\u00f5petas ta liidripositsioonil. Jauk saavutas neljanda, Kadastik 17. ning Niinem\u00e4e 24. koha.<\/p>\n<p>K\u00f5ige v\u00f5istlejaterohkemas 39 s\u00f5itjaga Rotax Max Senioris startisid 12 eestlast: Robin \u0160emet, Endrik Peets, Kevin Leinus, Rafael Zernask, Saara Tabo, Romet Pakkas, Oliver Kurg, Fernando Paimre, Kristen Hiov\u00e4in, Kaspar Kiisk\u00fcla, Hans Markus Narusk ning Kaur Jesper Soomets. Kahes vahetuses s\u00f5idetud kvalifikatsiooni l\u00f5petasid oma gruppides teisel kohal \u0160emet ja Peets. Eels\u00f5idud s\u00f5ideti kolmes alagrupis ning nendest kogus enim punkte Kurg, kes fini\u0161eeris esimese liidrina ning teise teisena. Superfinaalis eestlased esikolmikusse ei j\u00f5udnud.\u00a0<\/p>\n<p>Eestlaste tulemused RM Senior klassi superfinaalis: 4. Fernando Paimre, 5. Robin \u0160emet, 6. Rafael Zernask, 10. Endrik Peets, 11. Romet Pakkas, 17. Oliver Kurg, 18. Kristen Hiov\u00e4in, 19. Kaur Jesper Soomets, 21. Kaspar Kiisk\u00fcla, 33. Saara Tabo, 35. Hans Markus Narusk, Kevin Leinus finaali ei p\u00e4\u00e4senud.<\/p>\n<p>DD2 klassis v\u00f5istlesid 11 s\u00f5itja seas viis eestlast: T\u00f5nis-Johannes Toomingas, Devin Sagadi, Paul Ekke Betlem, Ragnar Veerus ning Joel Kaspar J\u00f5epere. Kvalifikatsioonis oli kiireim J\u00f5epere, kes ajas\u00f5idu ka v\u00f5itis. M\u00f5lemas eels\u00f5idus oli aga v\u00f5idukaim Veerus. Superfinaalis tegi k\u00f5ige m\u00e4rkimisv\u00e4\u00e4rsema s\u00f5idu J\u00f5epere, kes startis 12. positsioonilt ning fini\u0161eeris s\u00f5idu liidrina. Veel j\u00f5udis poodiumile Toomingas, kes vahepeal s\u00f5itu juhtis, kuid l\u00f5petas siiski kolmandana.\u00a0<\/p>\n<p>Eestlaste tulemused DD2 klassi superfinaalis: 1. Joel Kaspar J\u00f5epere, 3. T\u00f5nis-Johannes Toomingas, 4. Paul Ekke Betlem, 6. Ragnar Veerus, 9. Devin Sagadi.<\/p>\n<p>DD2 Mastersi viie s\u00f5itja seast kolm olid eestlased. Eestit esindasid Karmo Hurm, Priit Sei ning Argo Tamm. Kvalifikatsioonis oli neist kiireim Sei, kes n\u00e4itas teist rinigaega. Esimese eels\u00f5idu Sei v\u00f5itis, kuid teise ta ei startinud. Superfinaali parim tulemus eestlastele oli teine koht, mille saavutas Hurm. Sei fini\u0161eeris neljandana ning Tamm viiendana.<\/p>\n<p>Juba sel n\u00e4dalavahetusel s\u00f5idetakse Aravetel Aqva Kart kardispordi Eesti meistriv\u00f5istluste viimane etapp.\u00a0<\/p>\n","protected":false},"excerpt":{"rendered":"M\u00f6\u00f6dunud n\u00e4dalavahetusel s\u00f5ideti L\u00e4tis Raceway Baltic kardirajal kohaliku Rotaxi sarja ning Rotax Nordic Challenge sarja neljandad etapid. Eestlasi&hellip;\n","protected":false},"author":2,"featured_media":266436,"comment_status":"","ping_status":"","sticky":false,"template":"","format":"standard","meta":{"footnotes":"","_share_on_mastodon":"0"},"categories":[18],"tags":[37,33,35,34,36,172,983,1513,2828,159,158,2826,2827,1442],"class_list":["post-266435","post","type-post","status-publish","format-standard","has-post-thumbnail","category-sport","tag-ee","tag-eesti","tag-eesti-keel","tag-estonia","tag-estonian","tag-jalgpall","tag-kergejoustik","tag-korvpall","tag-ralli","tag-sport","tag-sports","tag-talisport","tag-tennis","tag-vorkpall"],"share_on_mastodon":{"url":"https:\/\/pubeurope.com\/@ee\/117200604538265773","error":""},"_links":{"self":[{"href":"https:\/\/www.europesays.com\/ee\/wp-json\/wp\/v2\/posts\/266435","targetHints":{"allow":["GET"]}}],"collection":[{"href":"https:\/\/www.europesays.com\/ee\/wp-json\/wp\/v2\/posts"}],"about":[{"href":"https:\/\/www.europesays.com\/ee\/wp-json\/wp\/v2\/types\/post"}],"author":[{"embeddable":true,"href":"https:\/\/www.europesays.com\/ee\/wp-json\/wp\/v2\/users\/2"}],"replies":[{"embeddable":true,"href":"https:\/\/www.europesays.com\/ee\/wp-json\/wp\/v2\/comments?post=266435"}],"version-history":[{"count":0,"href":"https:\/\/www.europesays.com\/ee\/wp-json\/wp\/v2\/posts\/266435\/revisions"}],"wp:featuredmedia":[{"embeddable":true,"href":"https:\/\/www.europesays.com\/ee\/wp-json\/wp\/v2\/media\/266436"}],"wp:attachment":[{"href":"https:\/\/www.europesays.com\/ee\/wp-json\/wp\/v2\/media?parent=266435"}],"wp:term":[{"taxonomy":"category","embeddable":true,"href":"https:\/\/www.europesays.com\/ee\/wp-json\/wp\/v2\/categories?post=266435"},{"taxonomy":"post_tag","embeddable":true,"href":"https:\/\/www.europesays.com\/ee\/wp-json\/wp\/v2\/tags?post=266435"}],"curies":[{"name":"wp","href":"https:\/\/api.w.org\/{rel}","templated":true}]}}