{"id":266441,"date":"2026-09-02T08:56:20","date_gmt":"2026-09-02T08:56:20","guid":{"rendered":"https:\/\/www.europesays.com\/ee\/266441\/"},"modified":"2026-09-02T08:56:20","modified_gmt":"2026-09-02T08:56:20","slug":"ajaloo-suurim-kauplusekettide-uhinemine-algab-esimene-prisma-saab-coopiks-juba-nadala-parast","status":"publish","type":"post","link":"https:\/\/www.europesays.com\/ee\/266441\/","title":{"rendered":"Ajaloo suurim kauplusekettide \u00fchinemine algab. Esimene Prisma saab Coopiks juba n\u00e4dala p\u00e4rast"},"content":{"rendered":"<p>\u201eMeie eesm\u00e4rk on \u00fchendada kahe tugeva jaeketi parimad k\u00fcljed, s\u00e4ilitada k\u00f5ik see, mida eestimaalased Prisma puhul hindavad, ja viia seel\u00e4bi Eesti jaekaubandus t\u00e4iesti uuele tasemele. See on muutus, mis puudutab meie m\u00f5lema kaupluste, t\u00f6\u00f6tajate ja klientide kaudu enam kui 2\/3 Eesti elanikest,\u201c \u00fctles Coop Eesti Kesk\u00fchistu juhatuse esimees <a rel=\"noopener nofollow\" target=\"_blank\" href=\"https:\/\/www.delfi.ee\/teema\/96850808\/rainer-rohtla\" tag-id=\"96850808\">Rainer Rohtla<\/a>. <\/p>\n<p>Coopi eesm\u00e4rk on muuta kahe jaeketi \u00fchinemise protsess v\u00f5imalikult sujuvaks nii Prisma t\u00f6\u00f6tajate kui klientide jaoks. Sellep\u00e4rast toimuvad muudatused kauplustev\u00f5rgus etapiviisiliselt, mitte \u00fcle\u00f6\u00f6. \u201eT\u00e4na muutub k\u00fcll Prisma omanik, kuid t\u00f6\u00f6 kauplustes j\u00e4tkub esialgu t\u00e4iesti tavap\u00e4raselt,\u201c r\u00f5hutas Rohtla. Kauplused j\u00e4tkavad tavap\u00e4rast t\u00f6\u00f6d Prisma nime all kuni kauplus l\u00e4heb \u00fcle Coopi kaubam\u00e4rgile ja t\u00f6\u00f6korraldusele. <\/p>\n<p>Kauplused liituvad j\u00e4rk-j\u00e4rgult<\/p>\n<p>Esimesena liitub Coopi v\u00f5rgustikuga Roo Prisma, millest saab 9. septembri \u00f6\u00f6l vastu 10. septembrit Roo Coop Maksimarket. Septembri ja oktoobri jooksul j\u00e4rgnevad teised Prisma kauplused Tallinnas ja Harjumaal, minnes Harju Tarbijate \u00dchistu juhtimise alla. Kokku v\u00f5tab Coop Harju \u00fcle 9 Prisma kauplust. Novembris liiguvad Rapla, Tartu ja Narva Prisma kauplused erinevate Coopi \u00fchistute juhtimise alla. <\/p>\n<p>\u201eOleme uhked selle \u00fcle, mida koos Prisma t\u00f6\u00f6tajatega Eestis \u00fcles ehitasime, ning soovime s\u00fcdamest t\u00e4nada oma t\u00f6\u00f6tajaid, kliente ja koost\u00f6\u00f6partnereid m\u00f6\u00f6dunud 26 aasta eest. \u00dchistulisel p\u00f5him\u00f5ttel tegutsev Coop on hea mainega ja hinnatud t\u00f6\u00f6andja ning peame n\u00fc\u00fcdseks l\u00f5pule viidud tehingut suurep\u00e4raseks lahenduseks nii t\u00f6\u00f6tajatele, klientidele kui ka kaupluste tuleviku seisukohast,\u201c s\u00f5nas Ilkka Alarotu, kes oli kuni tehingu j\u00f5ustumiseni Prisma Peremarketi juhatuse esimees.<\/p>\n<p>Kuigi j\u00e4rgmise kolme kuu jooksul muutub Prisma kaupluste nimi, j\u00e4\u00e4b Coopiga liitudes alles k\u00f5ik see, mida kliendid on seni v\u00e4ga armastanud: lai kaubavalik, tuttavad P\u00f5hjamaade tooted, soodsad hinnad ja meeldiv ostukeskkond. \u201eCoopi tulekuga lisandub valikusse veelgi rohkem eestimaiseid tooteid ja igan\u00e4dalased pakkumised. Sujuvaks ostlemiseks saab kasutada meie mugavat ostu\u00e4ppi ning ostudelt teenida boonuspunkte v\u00f5i Coop Loto lotopileteid,\u201c r\u00e4\u00e4kis Rainer Rohtla.<\/p>\n<p>Kliendiprogramm vahetub samuti<\/p>\n<p>Prisma kaupluste liitumisel Coopi v\u00f5rgustikuga hakkavad neis kehtima Coopi soodustused ja kliendiprogrammi v\u00f5imalused. \u201eCoopi fookus on n\u00fc\u00fcd sellel, et senistel Prisma klientidel oleks v\u00f5imalikult lihtne Coopi kliendiprogrammiga liituda ja selle eeliseid kasutama hakata,\u201c r\u00e4\u00e4kis Rainer Rohtla. Liituda saab mugavalt Coop Eesti \u00e4pis v\u00f5i S\u00e4\u00e4stukaardiga kaupluses. K\u00f5ik Coop Panga pangakaardi omanikud on juba t\u00e4na automaatselt Coopi kliendid.<\/p>\n<p>Ainu\u00fcksi eelmisel aastal kogusid Coopi kliendid rekordiliselt 10,6 miljoni euro v\u00e4\u00e4rtuses boonuseid. Sellele lisanduvad igasugused muud h\u00fcved, alustades personaalsetest pakkumistest \u00e4pis kuni s\u00fcnnip\u00e4eva- ja partnersoodustusteni v\u00e4lja.<\/p>\n<p>Kuigi Prisma Konto omanikud ei saa 1. septembrist enam boonuseid koguda, saavad nad oma ID-kaarti kasutada j\u00e4tkuvalt ostusk\u00e4nneri v\u00f5tmiseks seni, kuni kauplus tegutseb Prisma nime all. Septembri algusest saavad Prisma kauplustes eelise ka Coop Panga deebetkaardiga maksvad kliendid. Nimelt teenivad k\u00f5ik paketi Kasulik v\u00f5i Piirideta omanikud Prisma kauplustes tehtud ostudelt 1% ostupreemiat otse oma pangakontole, nagu nad on seni teeninud Coopi kauplustes.<\/p>\n<p>Prisma kaupluste Coopi v\u00f5rgustikuga liitumise t\u00e4pne ajakava avalikustatakse 7. septembril Coopi kodulehel. Prisma Peremarket j\u00e4tkab tegevust kuni viimase Prisma kaupluse Coopiga liitumiseni novembri l\u00f5pus. Selle ajani haldab ettev\u00f5te tavap\u00e4raselt neid kauplusi, mis pole veel Coopi v\u00f5rgustikuga liitunud.<\/p>\n<p>Kuidas see lugu Sind end tundma pani?Saada<a href=\"https:\/\/arileht.delfi.ee\/a\/120607785\/ajaloo-suurim-kauplusekettide-uhinemine-algab-esimene-prisma-saab-coopiks-juba-nadala-parast\/kommentaarid\" class=\"button button--primary button--size-auto article-body-bottom__comment article-body-bottom__comment--write\" style=\"\" rel=\"nofollow noopener\" target=\"_blank\">Kommenteeri<\/a><a href=\"https:\/\/arileht.delfi.ee\/a\/120607785\/ajaloo-suurim-kauplusekettide-uhinemine-algab-esimene-prisma-saab-coopiks-juba-nadala-parast\/kommentaarid\" class=\"button button--size-auto article-body-bottom__comment article-body-bottom__comment--read\" style=\"\" rel=\"nofollow noopener\" target=\"_blank\">Loe kommentaare (23)<\/a><\/p>\n","protected":false},"excerpt":{"rendered":"\u201eMeie eesm\u00e4rk on \u00fchendada kahe tugeva jaeketi parimad k\u00fcljed, s\u00e4ilitada k\u00f5ik see, mida eestimaalased Prisma puhul hindavad, ja&hellip;\n","protected":false},"author":2,"featured_media":266442,"comment_status":"","ping_status":"","sticky":false,"template":"","format":"standard","meta":{"footnotes":"","_share_on_mastodon":"0"},"categories":[12],"tags":[26,27,5639,37,33,35,34,36,31,32,21,28,29,19,25,21000,16566,23,24,22,20,30],"class_list":["post-266441","post","type-post","status-publish","format-standard","has-post-thumbnail","category-eesti","tag-breaking-news","tag-breakingnews","tag-coop","tag-ee","tag-eesti","tag-eesti-keel","tag-estonia","tag-estonian","tag-featured-news","tag-featurednews","tag-headlines","tag-latest-news","tag-latestnews","tag-news","tag-populaarseimad-lood","tag-prisma","tag-rainer-rohtla","tag-top-stories","tag-topstories","tag-uldised-uudised","tag-uudised","tag-viimased-uudised"],"share_on_mastodon":{"url":"https:\/\/pubeurope.com\/@ee\/117200616361494716","error":""},"_links":{"self":[{"href":"https:\/\/www.europesays.com\/ee\/wp-json\/wp\/v2\/posts\/266441","targetHints":{"allow":["GET"]}}],"collection":[{"href":"https:\/\/www.europesays.com\/ee\/wp-json\/wp\/v2\/posts"}],"about":[{"href":"https:\/\/www.europesays.com\/ee\/wp-json\/wp\/v2\/types\/post"}],"author":[{"embeddable":true,"href":"https:\/\/www.europesays.com\/ee\/wp-json\/wp\/v2\/users\/2"}],"replies":[{"embeddable":true,"href":"https:\/\/www.europesays.com\/ee\/wp-json\/wp\/v2\/comments?post=266441"}],"version-history":[{"count":0,"href":"https:\/\/www.europesays.com\/ee\/wp-json\/wp\/v2\/posts\/266441\/revisions"}],"wp:featuredmedia":[{"embeddable":true,"href":"https:\/\/www.europesays.com\/ee\/wp-json\/wp\/v2\/media\/266442"}],"wp:attachment":[{"href":"https:\/\/www.europesays.com\/ee\/wp-json\/wp\/v2\/media?parent=266441"}],"wp:term":[{"taxonomy":"category","embeddable":true,"href":"https:\/\/www.europesays.com\/ee\/wp-json\/wp\/v2\/categories?post=266441"},{"taxonomy":"post_tag","embeddable":true,"href":"https:\/\/www.europesays.com\/ee\/wp-json\/wp\/v2\/tags?post=266441"}],"curies":[{"name":"wp","href":"https:\/\/api.w.org\/{rel}","templated":true}]}}