{"id":266461,"date":"2026-09-02T09:18:11","date_gmt":"2026-09-02T09:18:11","guid":{"rendered":"https:\/\/www.europesays.com\/ee\/266461\/"},"modified":"2026-09-02T09:18:11","modified_gmt":"2026-09-02T09:18:11","slug":"eesti-200-juht-kristina-kallas-ametnike-selgitustest-ei-piisa-pevkur-vastutab-poliitiliselt-2","status":"publish","type":"post","link":"https:\/\/www.europesays.com\/ee\/266461\/","title":{"rendered":"Eesti 200 juht Kristina Kallas: ametnike selgitustest ei piisa, Pevkur vastutab poliitiliselt"},"content":{"rendered":"<p>\u201ePole mingit kahtlust, et poliitiliselt vastutab t\u00f5siste probleemide eest enda valitsusalas just kaitseminister Hanno Pevkur. Ootame temalt selle ja edasiste plaanide kohta ammenendavaid selgitusi. Nii t\u00e4na avalikkuse ees kui homme hommikul valitsuse kabinetin\u00f5upidamisel,\u201c lausus ta.<\/p>\n<p>Riigikontrolli osutatud puuduste k\u00fcsimused on tema s\u00f5nul endiselt lahendamata. \u201eHommikul ilmunud Eesti Ekspressi lugu 70 miljoni euro maksmisest firmale, mis pole varem m\u00fcrske tootnud ega m\u00fc\u00fcnud, n\u00e4itab seda k\u00f5ike veel halvemas valguses,\u201c m\u00e4rkis Kallas.<\/p>\n<p>\u201eKaitsekulude oluline t\u00f5stmine on n\u00f5udnud meie \u00fchiskonnalt suurt pingutust, aga on Eestile eksistentsiaalne k\u00fcsimus. Selle juures on lubamatu, et meil pole kindlust ja \u00fclevaadet, et selleks antud raha on h\u00e4sti kasutatud ning on tervenisti ja tegelikult j\u00f5udnud meie kaitsev\u00f5ime t\u00f5stmisse.\u201c<\/p>\n<p>V\u00e4lisminister Margus Tsahkna s\u00f5nas, et ajakirjanduses ja riigikontrolli poolt t\u00f5statatud s\u00fc\u00fcdistused kaitsevaldkonna suhtes on karmid ja n\u00f5uavad selgeid vastuseid ning vajadusel ka poliitilise vastutuse v\u00f5tmist. <\/p>\n<p>\u201eSeda n\u00fc\u00fcd ootamegi kaitseminister Pevkurilt ja Reformierakonnalt ning olen palunud peaministrilt vastavat teemat k\u00e4sitleda neljap\u00e4evasel valitsuse kabineti istungil. Kui need karmid s\u00fc\u00fcdistused vastavad t\u00f5ele, siis minu arvates on kaitseministril v\u00f5imatu j\u00e4tkata usaldusv\u00e4\u00e4rselt kaitsevaldkonna juhtimist ja tagasiastumise otsused on tema enda ja Reformierakonna teha,\u201c s\u00f5nas ta. <\/p>\n<p><a rel=\"noopener follow nofollow\" target=\"_blank\" href=\"https:\/\/www.delfi.ee\/artikkel\/120606702\/riigikontroll-jatkuv-segadus-kaitseministeeriumi-vastutusalas-kasvatab-riigi-vara-kuritarvitamise-riski\" data-rel-date-range=\"[]\">Reedel avalikustas riigikontroll auditi<\/a>, milles leidis hulgaliselt probleeme kaitseministeeriumi valitsemisala rahaasjades. Riigikontroll tegim\u00e4rkuse kaitseministeeriumi valitsemisala varude saldo \u00f5igsuse kohta summas 1,2 miljardit eurot.<\/p>\n<p>N\u00e4iteks leidis riigikontroll, et kaitsev\u00e4e varude arvestus on puudulik ning k\u00f5iki uusi varusid pole bilansis arvele v\u00f5etud. Samuti, et RKIK-i ja kaitsev\u00e4e inventuuride t\u00f6\u00f6protsessides on endiselt mitmeid probleeme ning inventuuride korralduses on puudusi. RKIK-il ja kaitsev\u00e4el on auditi j\u00e4rgi probleeme lepingute s\u00f5lmimise ja haldamisega, dokumentide vormistamisega, varade arvele v\u00f5tmisega. Valitsemisalas ei j\u00e4rgita riigikontrolli hinnangul ministri kehtestatud kordasid.<\/p>\n<p>Kuidas see lugu Sind end tundma pani?Saada<a href=\"https:\/\/www.delfi.ee\/artikkel\/120607825\/eesti-200-juht-kristina-kallas-ametnike-selgitustest-ei-piisa-pevkur-vastutab-poliitiliselt\/kommentaarid\" class=\"button button--primary button--size-auto article-body-bottom__comment article-body-bottom__comment--write\" style=\"\" rel=\"nofollow noopener\" target=\"_blank\">Kommenteeri<\/a><a href=\"https:\/\/www.delfi.ee\/artikkel\/120607825\/eesti-200-juht-kristina-kallas-ametnike-selgitustest-ei-piisa-pevkur-vastutab-poliitiliselt\/kommentaarid\" class=\"button button--size-auto article-body-bottom__comment article-body-bottom__comment--read\" style=\"\" rel=\"nofollow noopener\" target=\"_blank\">Loe kommentaare (50)<\/a><\/p>\n","protected":false},"excerpt":{"rendered":"\u201ePole mingit kahtlust, et poliitiliselt vastutab t\u00f5siste probleemide eest enda valitsusalas just kaitseminister Hanno Pevkur. Ootame temalt selle&hellip;\n","protected":false},"author":2,"featured_media":266462,"comment_status":"","ping_status":"","sticky":false,"template":"","format":"standard","meta":{"footnotes":"","_share_on_mastodon":"0"},"categories":[12],"tags":[687,679,667,26,27,673,688,663,662,37,33,35,684,683,692,34,36,31,32,208,148,21,206,668,669,381,686,677,694,691,339,680,28,29,671,672,377,690,144,678,665,19,693,676,666,25,322,664,150,695,685,159,394,682,674,675,23,24,689,222,22,20,670,681,149,30],"class_list":["post-266461","post","type-post","status-publish","format-standard","has-post-thumbnail","category-eesti","tag-ajaviide","tag-autoleht","tag-blog","tag-breaking-news","tag-breakingnews","tag-cv","tag-date","tag-defli","tag-delfi","tag-ee","tag-eesti","tag-eesti-keel","tag-ekaart","tag-email","tag-erootika","tag-estonia","tag-estonian","tag-featured-news","tag-featurednews","tag-film","tag-foto","tag-headlines","tag-horoskoop","tag-ilm","tag-ilmaennustus","tag-internet","tag-kaart","tag-kava","tag-kindlustus","tag-kinnisvara","tag-kuulutused","tag-lasteleht","tag-latest-news","tag-latestnews","tag-loto","tag-majandus","tag-mangud","tag-mobiil","tag-muusika","tag-naisteleht","tag-naljad","tag-news","tag-otsing","tag-pank","tag-pilt","tag-populaarseimad-lood","tag-raadio","tag-reklaam","tag-seks","tag-sms","tag-solo","tag-sport","tag-tarkvara","tag-tasuta","tag-too","tag-toopakkumised","tag-top-stories","tag-topstories","tag-tutvus","tag-tv","tag-uldised-uudised","tag-uudised","tag-valimised","tag-valuuta","tag-video","tag-viimased-uudised"],"share_on_mastodon":{"url":"","error":"Validation failed: Text character limit of 500 exceeded"},"_links":{"self":[{"href":"https:\/\/www.europesays.com\/ee\/wp-json\/wp\/v2\/posts\/266461","targetHints":{"allow":["GET"]}}],"collection":[{"href":"https:\/\/www.europesays.com\/ee\/wp-json\/wp\/v2\/posts"}],"about":[{"href":"https:\/\/www.europesays.com\/ee\/wp-json\/wp\/v2\/types\/post"}],"author":[{"embeddable":true,"href":"https:\/\/www.europesays.com\/ee\/wp-json\/wp\/v2\/users\/2"}],"replies":[{"embeddable":true,"href":"https:\/\/www.europesays.com\/ee\/wp-json\/wp\/v2\/comments?post=266461"}],"version-history":[{"count":0,"href":"https:\/\/www.europesays.com\/ee\/wp-json\/wp\/v2\/posts\/266461\/revisions"}],"wp:featuredmedia":[{"embeddable":true,"href":"https:\/\/www.europesays.com\/ee\/wp-json\/wp\/v2\/media\/266462"}],"wp:attachment":[{"href":"https:\/\/www.europesays.com\/ee\/wp-json\/wp\/v2\/media?parent=266461"}],"wp:term":[{"taxonomy":"category","embeddable":true,"href":"https:\/\/www.europesays.com\/ee\/wp-json\/wp\/v2\/categories?post=266461"},{"taxonomy":"post_tag","embeddable":true,"href":"https:\/\/www.europesays.com\/ee\/wp-json\/wp\/v2\/tags?post=266461"}],"curies":[{"name":"wp","href":"https:\/\/api.w.org\/{rel}","templated":true}]}}