{"id":266479,"date":"2026-09-02T09:37:10","date_gmt":"2026-09-02T09:37:10","guid":{"rendered":"https:\/\/www.europesays.com\/ee\/266479\/"},"modified":"2026-09-02T09:37:10","modified_gmt":"2026-09-02T09:37:10","slug":"wimbledoni-suurullataja-langes-us-openil-avaringis-esimese-asetusega-zverev-alustas-raske-voiduga","status":"publish","type":"post","link":"https:\/\/www.europesays.com\/ee\/266479\/","title":{"rendered":"Wimbledoni suur\u00fcllataja langes US Openil avaringis, esimese asetusega Zverev alustas raske v\u00f5iduga"},"content":{"rendered":"<p>24-aastane tennisist j\u00f5udis Wimbledonis \u00fcllatuslikult poolfinaali, kus langes konkurentsist <a rel=\"noopener nofollow\" target=\"_blank\" href=\"https:\/\/www.delfi.ee\/teema\/67056572\/alexander-zverev\" tag-id=\"67056572\">Alexander Zverevi<\/a> (ATP 2.) vastu. Enne seda oli ta parimal juhul j\u00f5udnud suure sl\u00e4mmi turniiril teise ringi. Fery t\u00f5usis t\u00e4nu edukale v\u00f5istluse maailma edetabelis 114. kohalt 33ndaks.<\/p>\n<p><a rel=\"noopener nofollow\" target=\"_blank\" href=\"https:\/\/www.delfi.ee\/teema\/56497922\/us-open\" tag-id=\"56497922\">US Openil<\/a> l\u00e4ks Fery avaringis kokku itaallase Lorenzo Musettiga. Maailma 14. reket v\u00f5itis mat\u0161i kolmes setis 6:3, 6:3, 7:5.<\/p>\n<p><img decoding=\"async\" src=\"https:\/\/www.europesays.com\/ee\/wp-content\/uploads\/2026\/09\/ed36fded-354a-48b6-83d2-0cafa08ee496.jpg\" loading=\"lazy\"\/><\/p>\n<p>\u201eTean, mille kallal pean t\u00f6\u00f6d tegema,\u201c vahendas BBC peale kaotust Fery s\u00f5nu. \u201eMul on palju ideid, mida teha, et paremaks saada. T\u00e4na vedas mind serv alt, mis pole minu puhul omane, kuid mul on veidi r\u00fctmi leidmisega raskusi olnud. Sellisel tasemel meeste vastu m\u00e4ngimine on raske ja vahed on v\u00e4ikesed.\u201c<\/p>\n<p>24-aastane Musetti kohtub j\u00e4rgmises ringis austraallase Dane Sweenyga (ATP 123.).<\/p>\n<p>Zverev alustas raske v\u00f5iduga<\/p>\n<p>Meeste \u00fcksikm\u00e4nguturniiril sai peale maailma esireketi <a rel=\"noopener nofollow\" target=\"_blank\" href=\"https:\/\/www.delfi.ee\/teema\/93032243\/jannik-sinner\" tag-id=\"93032243\">Jannik Sinneri<\/a> loobumist v\u00f5istlusest vigastuse t\u00f5ttu esimese asetuse sakslane Alexander Zverev. Maailma teine number pidi teise ringi j\u00f5udmiseks k\u00f5vasti vaeva n\u00e4gema.<\/p>\n<p>Zverev kohtus itaallase Lorenzo Sonegoga (ATP 89.). Pea viis tundi kestnud maratonmat\u0161i v\u00f5itis Zverev 6:4, 3:6, 6:7 (7), 7:5, 6:4.<\/p>\n<p><img decoding=\"async\" src=\"https:\/\/www.europesays.com\/ee\/wp-content\/uploads\/2026\/09\/0ed7f77d-6a0a-49e9-a1cf-68620ac9e0a4.jpg\" loading=\"lazy\" alt=\"Zverev - Sonego\"\/><\/p>\n<p>\u201eOlen lihtsalt \u00f5nnelik, et v\u00f5itsin,\u201c vahendas The Tennis Gazette Zverevi s\u00f5nu. \u201eSee oli uskumatu lahing, kus oli palju \u00fcles ja alla hetki. M\u00e4ngisime peaaegu viis tundi. Ma arvan, et see on minu karj\u00e4\u00e4ri k\u00f5ige pikem esimese ringi kohtumine. Au talle (Sonegole), ta m\u00e4ngis imelist tennist. Ta oleks kindlasti paljudest jagu saanud, aga mul on hea meel, et j\u00f5udsin edasi.\u201c<\/p>\n<p>Zverev l\u00e4heb j\u00e4rgmises ringis vastamisi prantslase Quentin Halysiga (ATP 52.).<\/p>\n<p>Kuidas see lugu Sind end tundma pani?Saada<a href=\"https:\/\/sport.delfi.ee\/a\/120607784\/kommentaarid\" class=\"button button--primary button--size-auto article-body-bottom__comment article-body-bottom__comment--write\" style=\"\" rel=\"nofollow noopener\" target=\"_blank\">Kommenteeri<\/a><a href=\"https:\/\/sport.delfi.ee\/a\/120607784\/kommentaarid\" class=\"button button--size-auto article-body-bottom__comment article-body-bottom__comment--read\" style=\"\" rel=\"nofollow noopener\" target=\"_blank\">Loe kommentaare <\/a><\/p>\n","protected":false},"excerpt":{"rendered":"24-aastane tennisist j\u00f5udis Wimbledonis \u00fcllatuslikult poolfinaali, kus langes konkurentsist Alexander Zverevi (ATP 2.) vastu. Enne seda oli ta&hellip;\n","protected":false},"author":2,"featured_media":266480,"comment_status":"","ping_status":"","sticky":false,"template":"","format":"standard","meta":{"footnotes":"","_share_on_mastodon":"0"},"categories":[18],"tags":[11199,37,33,35,34,36,6291,159,158,2827,6779,6777],"class_list":["post-266479","post","type-post","status-publish","format-standard","has-post-thumbnail","category-sport","tag-alexander-zverev","tag-ee","tag-eesti","tag-eesti-keel","tag-estonia","tag-estonian","tag-jannik-sinner","tag-sport","tag-sports","tag-tennis","tag-us-open","tag-wimbledon"],"share_on_mastodon":{"url":"https:\/\/pubeurope.com\/@ee\/117200777803957207","error":""},"_links":{"self":[{"href":"https:\/\/www.europesays.com\/ee\/wp-json\/wp\/v2\/posts\/266479","targetHints":{"allow":["GET"]}}],"collection":[{"href":"https:\/\/www.europesays.com\/ee\/wp-json\/wp\/v2\/posts"}],"about":[{"href":"https:\/\/www.europesays.com\/ee\/wp-json\/wp\/v2\/types\/post"}],"author":[{"embeddable":true,"href":"https:\/\/www.europesays.com\/ee\/wp-json\/wp\/v2\/users\/2"}],"replies":[{"embeddable":true,"href":"https:\/\/www.europesays.com\/ee\/wp-json\/wp\/v2\/comments?post=266479"}],"version-history":[{"count":0,"href":"https:\/\/www.europesays.com\/ee\/wp-json\/wp\/v2\/posts\/266479\/revisions"}],"wp:featuredmedia":[{"embeddable":true,"href":"https:\/\/www.europesays.com\/ee\/wp-json\/wp\/v2\/media\/266480"}],"wp:attachment":[{"href":"https:\/\/www.europesays.com\/ee\/wp-json\/wp\/v2\/media?parent=266479"}],"wp:term":[{"taxonomy":"category","embeddable":true,"href":"https:\/\/www.europesays.com\/ee\/wp-json\/wp\/v2\/categories?post=266479"},{"taxonomy":"post_tag","embeddable":true,"href":"https:\/\/www.europesays.com\/ee\/wp-json\/wp\/v2\/tags?post=266479"}],"curies":[{"name":"wp","href":"https:\/\/api.w.org\/{rel}","templated":true}]}}