{"id":266483,"date":"2026-09-02T09:41:17","date_gmt":"2026-09-02T09:41:17","guid":{"rendered":"https:\/\/www.europesays.com\/ee\/266483\/"},"modified":"2026-09-02T09:41:17","modified_gmt":"2026-09-02T09:41:17","slug":"tonis-molder-%e2%9f%a9-mina-annan-ulle-madisele-oma-haale-viis-soovitust-uuele-presidendile","status":"publish","type":"post","link":"https:\/\/www.europesays.com\/ee\/266483\/","title":{"rendered":"T\u00d5NIS M\u00d6LDER \u27e9 Mina annan \u00dclle Madisele oma h\u00e4\u00e4le. Viis soovitust uuele presidendile"},"content":{"rendered":"<p>Eesti saab uue presidendi ajal, mil meie riigilt oodatakse korraga nii kindlat v\u00e4lispoliitilist joont, valmisolekut julgeolekukriisideks kui ka sisemist tasakaalu. Presidendi p\u00f5hiseaduslikud volitused on selgelt piiritletud, kuid tema s\u00f5nal, kohalolul ja otsustel on Eesti \u00fchiskonnas m\u00e4rkimisv\u00e4\u00e4rne kaal, kirjutab riigikogu liige T\u00f5nis M\u00f6lder.<\/p>\n","protected":false},"excerpt":{"rendered":"Eesti saab uue presidendi ajal, mil meie riigilt oodatakse korraga nii kindlat v\u00e4lispoliitilist joont, valmisolekut julgeolekukriisideks kui ka&hellip;\n","protected":false},"author":2,"featured_media":266484,"comment_status":"","ping_status":"","sticky":false,"template":"","format":"standard","meta":{"footnotes":"","_share_on_mastodon":"0"},"categories":[5],"tags":[1687,26,27,37,33,35,38468,34,36,31,32,21,498,28,29,19,3579,25,18841,1686,4624,640,3088,23,24,124,22,3457,20,5843,96,30],"class_list":["post-266483","post","type-post","status-publish","format-standard","has-post-thumbnail","category-uldised-uudised","tag-alar-karis","tag-breaking-news","tag-breakingnews","tag-ee","tag-eesti","tag-eesti-keel","tag-eesti-vabariigi-president","tag-estonia","tag-estonian","tag-featured-news","tag-featurednews","tag-headlines","tag-julgeolek","tag-latest-news","tag-latestnews","tag-news","tag-pohiseadus","tag-populaarseimad-lood","tag-presidendivalimised","tag-president","tag-riigikaitse","tag-riigikogu","tag-tonis-molder","tag-top-stories","tag-topstories","tag-ukraina-soda","tag-uldised-uudised","tag-ulle-madise","tag-uudised","tag-valispoliitika","tag-venemaa","tag-viimased-uudised"],"share_on_mastodon":{"url":"","error":"Validation failed: Text character limit of 500 exceeded"},"_links":{"self":[{"href":"https:\/\/www.europesays.com\/ee\/wp-json\/wp\/v2\/posts\/266483","targetHints":{"allow":["GET"]}}],"collection":[{"href":"https:\/\/www.europesays.com\/ee\/wp-json\/wp\/v2\/posts"}],"about":[{"href":"https:\/\/www.europesays.com\/ee\/wp-json\/wp\/v2\/types\/post"}],"author":[{"embeddable":true,"href":"https:\/\/www.europesays.com\/ee\/wp-json\/wp\/v2\/users\/2"}],"replies":[{"embeddable":true,"href":"https:\/\/www.europesays.com\/ee\/wp-json\/wp\/v2\/comments?post=266483"}],"version-history":[{"count":0,"href":"https:\/\/www.europesays.com\/ee\/wp-json\/wp\/v2\/posts\/266483\/revisions"}],"wp:featuredmedia":[{"embeddable":true,"href":"https:\/\/www.europesays.com\/ee\/wp-json\/wp\/v2\/media\/266484"}],"wp:attachment":[{"href":"https:\/\/www.europesays.com\/ee\/wp-json\/wp\/v2\/media?parent=266483"}],"wp:term":[{"taxonomy":"category","embeddable":true,"href":"https:\/\/www.europesays.com\/ee\/wp-json\/wp\/v2\/categories?post=266483"},{"taxonomy":"post_tag","embeddable":true,"href":"https:\/\/www.europesays.com\/ee\/wp-json\/wp\/v2\/tags?post=266483"}],"curies":[{"name":"wp","href":"https:\/\/api.w.org\/{rel}","templated":true}]}}