{"id":266533,"date":"2026-09-02T10:33:08","date_gmt":"2026-09-02T10:33:08","guid":{"rendered":"https:\/\/www.europesays.com\/ee\/266533\/"},"modified":"2026-09-02T10:33:08","modified_gmt":"2026-09-02T10:33:08","slug":"ulevaade-hispaania-kaotab-portugalile-kreeka-rumeeniale-ja-ukraina-juhib-alagruppi-vana-maailma-korvpallis-on-hullud-ajad-postimees-sport","status":"publish","type":"post","link":"https:\/\/www.europesays.com\/ee\/266533\/","title":{"rendered":"\u00dcLEVAADE Hispaania kaotab Portugalile, Kreeka Rumeeniale ja Ukraina juhib alagruppi \u2013 Vana Maailma korvpallis on hullud ajad &#8211; Postimees Sport"},"content":{"rendered":"<ol>\n<li><a href=\"https:\/\/news.google.com\/rss\/articles\/CBMi7AFBVV95cUxQQzV2Qmwya2N1ZkJpenNaem5jcmJyNkFvdlRmSTF5UEdzckQ0RG1PRDlnUVNiT0ZCR1Vxb3p5d0lvRmRab3JjbjlvWG5XYU5mWC1kVHpLRDNhcWFkRzllRkhLcXRyZUxTZzNLUWxYOW0xY0x3YXF2eTMzaF9pMUFuMUliSVdhWjlVWkRZSFdiR2VBRHplWDYzak12cEVPeE15NHZ6YUdzZ0RvWU5qNDVpTEhpV0xOMThCcmJuZ3k2NW5iWUFSd25MQUJiRjV1b3kyTzFkZkptc3BidmE2Y1NDUzY3S19BcTJ4cTZ1Mg?oc=5\" target=\"_blank\" rel=\"nofollow noopener\">\u00dcLEVAADE Hispaania kaotab Portugalile, Kreeka Rumeeniale ja Ukraina juhib alagruppi \u2013 Vana Maailma korvpallis on hullud ajad<\/a>&nbsp;&nbsp;Postimees Sport<\/li>\n<li><a href=\"https:\/\/news.google.com\/rss\/articles\/CBMitwFBVV95cUxPbmU5dVFjenJBeUg3dGpQSnNnVHhWRWRSSWh0Z1ZsLWxrX0FwUDlqZkQ1Sk0wQUtWbVFCRE5pMFVMUXFXWDA2elVzLVJ6ZmJPWnRSbkNqTE1uUHA5OHBrR09RRVpUel91cnpSTGRxc1lRUmkxSmF6R0VDVjFNTXRoanZyTmRoV2UxcXdNRVU5RWRUTzFCUklaUnVwMEJCSXRQNE9kSFdzNkNIRHNnaWlXOWdXVjRjRXc?oc=5\" target=\"_blank\" rel=\"nofollow noopener\">VIDEO | Portugali korvpallikoondis alistas esimest korda ametlikus m\u00e4ngus Hispaania<\/a>&nbsp;&nbsp;Delfi Sport<\/li>\n<li><a href=\"https:\/\/news.google.com\/rss\/articles\/CBMixgFBVV95cUxQNXJrX2piaHVraXJKcnNKSWlRbDRtRkFWS3R0VkFwbDdDTEdYR0o2ZWJabmlneERZcmlwYlNpV090U1JKb1hSNnpGNlIyRnpObEVFdk52SDlZa3ptbVBVaVExaUF0dURuaFlfQmZqdGVDQzVhblJIU2dGbmhJWklvaER1ZE9HbzBTcXMxT2VjVjJpemNmUF80NGViR2JIclZsRGZja1V3Q0NfWWNQX19seVQzVE1SQzJjamJfd29CNXpsSTNSSWc?oc=5\" target=\"_blank\" rel=\"nofollow noopener\">VIDEO Aasta eest Eestit kollitanud Portugali korvpallikoondis \u0161okeeris n\u00fc\u00fcd suurt Hispaaniat<\/a>&nbsp;&nbsp;Postimees Sport<\/li>\n<\/ol>\n","protected":false},"excerpt":{"rendered":"\u00dcLEVAADE Hispaania kaotab Portugalile, Kreeka Rumeeniale ja Ukraina juhib alagruppi \u2013 Vana Maailma korvpallis on hullud ajad&nbsp;&nbsp;Postimees Sport&hellip;\n","protected":false},"author":2,"featured_media":266534,"comment_status":"","ping_status":"","sticky":false,"template":"","format":"standard","meta":{"footnotes":"","_share_on_mastodon":"0"},"categories":[18],"tags":[1526,37,33,35,34,36,1517,172,1520,1513,1514,1518,1524,1515,1529,1530,1523,1519,1522,1525,1528,1527,159,158,1535,1534,1521,1532,1533,1230,1531,1516,1192],"class_list":["post-266533","post","type-post","status-publish","format-standard","has-post-thumbnail","category-sport","tag-autoralli","tag-ee","tag-eesti","tag-eesti-keel","tag-estonia","tag-estonian","tag-finaal","tag-jalgpall","tag-koondis","tag-korvpall","tag-liiga","tag-mang","tag-martin-jarveoja","tag-medal","tag-olumpia","tag-olumpiamangud","tag-ott-tanak","tag-poks","tag-postimees-sport","tag-postimees-wrc","tag-spordi-uudised","tag-spordiuudised","tag-sport","tag-sports","tag-suveolumpia","tag-suveolumpiamangud","tag-tiitel","tag-tokio","tag-tokio2020","tag-tokyo","tag-tokyo2020","tag-voistlus","tag-wrc"],"share_on_mastodon":{"url":"https:\/\/pubeurope.com\/@ee\/117200998154220596","error":""},"_links":{"self":[{"href":"https:\/\/www.europesays.com\/ee\/wp-json\/wp\/v2\/posts\/266533","targetHints":{"allow":["GET"]}}],"collection":[{"href":"https:\/\/www.europesays.com\/ee\/wp-json\/wp\/v2\/posts"}],"about":[{"href":"https:\/\/www.europesays.com\/ee\/wp-json\/wp\/v2\/types\/post"}],"author":[{"embeddable":true,"href":"https:\/\/www.europesays.com\/ee\/wp-json\/wp\/v2\/users\/2"}],"replies":[{"embeddable":true,"href":"https:\/\/www.europesays.com\/ee\/wp-json\/wp\/v2\/comments?post=266533"}],"version-history":[{"count":0,"href":"https:\/\/www.europesays.com\/ee\/wp-json\/wp\/v2\/posts\/266533\/revisions"}],"wp:featuredmedia":[{"embeddable":true,"href":"https:\/\/www.europesays.com\/ee\/wp-json\/wp\/v2\/media\/266534"}],"wp:attachment":[{"href":"https:\/\/www.europesays.com\/ee\/wp-json\/wp\/v2\/media?parent=266533"}],"wp:term":[{"taxonomy":"category","embeddable":true,"href":"https:\/\/www.europesays.com\/ee\/wp-json\/wp\/v2\/categories?post=266533"},{"taxonomy":"post_tag","embeddable":true,"href":"https:\/\/www.europesays.com\/ee\/wp-json\/wp\/v2\/tags?post=266533"}],"curies":[{"name":"wp","href":"https:\/\/api.w.org\/{rel}","templated":true}]}}