{"id":266535,"date":"2026-09-02T10:34:07","date_gmt":"2026-09-02T10:34:07","guid":{"rendered":"https:\/\/www.europesays.com\/ee\/266535\/"},"modified":"2026-09-02T10:34:07","modified_gmt":"2026-09-02T10:34:07","slug":"ft-venemaa-aitab-iraanil-arendada-ulehelikiirusega-tiibrakette","status":"publish","type":"post","link":"https:\/\/www.europesays.com\/ee\/266535\/","title":{"rendered":"FT: Venemaa aitab Iraanil arendada \u00fclehelikiirusega tiibrakette"},"content":{"rendered":"<p>FT teatel algas arendusprogramm 2023. aastal ja see t\u00e4hendab, et Iraan omandab edu korral v\u00f5ime r\u00fcnnata <a rel=\"noopener nofollow\" target=\"_blank\" href=\"https:\/\/www.delfi.ee\/teema\/30604059\/lahis-ida\" tag-id=\"30604059\">L\u00e4his-Idas<\/a> <a rel=\"noopener nofollow\" target=\"_blank\" href=\"https:\/\/www.delfi.ee\/teema\/22971743\/usa\" tag-id=\"22971743\">USA<\/a> lennukikandjaid ja muid aluseid.<\/p>\n<p>FT kirjutab, et nende uurimus p\u00f5hineb Vene kirjavahetusel, reisiandmetel ja s\u00f5jalistel patentidel, ning nimetab seda programmi \u00fcheks olulisemaks teadaolevaks strateegilise s\u00f5jalise tehnoloogia \u00fcleandmiseks <a rel=\"noopener nofollow\" target=\"_blank\" href=\"https:\/\/www.delfi.ee\/teema\/22871535\/moskva\" tag-id=\"22871535\">Moskvalt<\/a> <a rel=\"noopener nofollow\" target=\"_blank\" href=\"https:\/\/www.delfi.ee\/teema\/35419585\/teheran\" tag-id=\"35419585\">Teheranile<\/a>.<\/p>\n<p>Iraani programmis on FT andmetel osalenud Venemaa selle valdkonna tippeksperdid.<\/p>\n<p>Arendusprogramm on teadete kohaselt keskendunud otsevoolu-reaktiivmootori kasutamisele, mis v\u00f5imaldab tiibraketil lennata mitmekordse helikiirusega.<\/p>\n<p>FT andmetel on Iraan selle s\u00fcsteemi valmis ehitanud ja seda katsetanud, aga ei ole t\u00f5endeid, et seda tehnoloogiat kasutav tiibrakett oleks relvastusse v\u00f5etud.<\/p>\n<p>\u201eSee on Venemaa strateegiliselt \u00fclimalt tundliku s\u00f5jalise tehnoloogia \u00fcleandmine, mida iraanlased on tahtnud omandada aastak\u00fcmneid,\u201c \u00fctles Iraani rakettide ekspert ja Conflict Armament Researchi vanemanal\u00fc\u00fctik Fabian Hinz FT-le. \u201eSelline programm n\u00f5uaks Venemaal poliitilist heakskiitu p\u00e4ris tipust.\u201c<\/p>\n<p>Kuidas see lugu Sind end tundma pani?Saada<a href=\"https:\/\/www.delfi.ee\/artikkel\/120607822\/ft-venemaa-aitab-iraanil-arendada-ulehelikiirusega-tiibrakette\/kommentaarid\" class=\"button button--primary button--size-auto article-body-bottom__comment article-body-bottom__comment--write\" style=\"\" rel=\"nofollow noopener\" target=\"_blank\">Kommenteeri<\/a><a href=\"https:\/\/www.delfi.ee\/artikkel\/120607822\/ft-venemaa-aitab-iraanil-arendada-ulehelikiirusega-tiibrakette\/kommentaarid\" class=\"button button--size-auto article-body-bottom__comment article-body-bottom__comment--read\" style=\"\" rel=\"nofollow noopener\" target=\"_blank\">Loe kommentaare (7)<\/a><\/p>\n","protected":false},"excerpt":{"rendered":"FT teatel algas arendusprogramm 2023. aastal ja see t\u00e4hendab, et Iraan omandab edu korral v\u00f5ime r\u00fcnnata L\u00e4his-Idas USA&hellip;\n","protected":false},"author":2,"featured_media":266536,"comment_status":"","ping_status":"","sticky":false,"template":"","format":"standard","meta":{"footnotes":"","_share_on_mastodon":"0"},"categories":[14],"tags":[131,130,37,33,35,34,36,1925,4376,108,5272,325,96],"class_list":["post-266535","post","type-post","status-publish","format-standard","has-post-thumbnail","category-ari","tag-ari","tag-business","tag-ee","tag-eesti","tag-eesti-keel","tag-estonia","tag-estonian","tag-iraan","tag-lahis-ida","tag-moskva","tag-teheran","tag-usa","tag-venemaa"],"share_on_mastodon":{"url":"https:\/\/pubeurope.com\/@ee\/117201001988854122","error":""},"_links":{"self":[{"href":"https:\/\/www.europesays.com\/ee\/wp-json\/wp\/v2\/posts\/266535","targetHints":{"allow":["GET"]}}],"collection":[{"href":"https:\/\/www.europesays.com\/ee\/wp-json\/wp\/v2\/posts"}],"about":[{"href":"https:\/\/www.europesays.com\/ee\/wp-json\/wp\/v2\/types\/post"}],"author":[{"embeddable":true,"href":"https:\/\/www.europesays.com\/ee\/wp-json\/wp\/v2\/users\/2"}],"replies":[{"embeddable":true,"href":"https:\/\/www.europesays.com\/ee\/wp-json\/wp\/v2\/comments?post=266535"}],"version-history":[{"count":0,"href":"https:\/\/www.europesays.com\/ee\/wp-json\/wp\/v2\/posts\/266535\/revisions"}],"wp:featuredmedia":[{"embeddable":true,"href":"https:\/\/www.europesays.com\/ee\/wp-json\/wp\/v2\/media\/266536"}],"wp:attachment":[{"href":"https:\/\/www.europesays.com\/ee\/wp-json\/wp\/v2\/media?parent=266535"}],"wp:term":[{"taxonomy":"category","embeddable":true,"href":"https:\/\/www.europesays.com\/ee\/wp-json\/wp\/v2\/categories?post=266535"},{"taxonomy":"post_tag","embeddable":true,"href":"https:\/\/www.europesays.com\/ee\/wp-json\/wp\/v2\/tags?post=266535"}],"curies":[{"name":"wp","href":"https:\/\/api.w.org\/{rel}","templated":true}]}}