{"id":266537,"date":"2026-09-02T10:36:09","date_gmt":"2026-09-02T10:36:09","guid":{"rendered":"https:\/\/www.europesays.com\/ee\/266537\/"},"modified":"2026-09-02T10:36:09","modified_gmt":"2026-09-02T10:36:09","slug":"video-%e2%9f%a9-saaremaa-sai-esimese-kalla-taaraautomaadi-kuhu-voib-terve-kotitaie-korraga-sisse-valada","status":"publish","type":"post","link":"https:\/\/www.europesays.com\/ee\/266537\/","title":{"rendered":"VIDEO \u27e9 Saaremaa sai esimese KALLA taaraautomaadi, kuhu v\u00f5ib terve kotit\u00e4ie korraga sisse valada"},"content":{"rendered":"<p class=\"MsoNormal\">Kuressaares Coopi Kaubaaida juures avati t\u00e4na, 2. septembril Saaremaa esimene KALLA taaraautomaat, kuhu ei pea pudeleid ja purke enam \u00fckshaaval sisestama. Selle asemel v\u00f5ib masinasse korraga valada terve kotit\u00e4ie pandipakendeid \u2013 plast-, alumiinium- ja klaaspakendid l\u00e4bisegi.<\/p>\n<p class=\"MsoNormal\">Uue automaadi suurim erinevus tavap\u00e4rasest taaraautomaadist on see, et pakendeid pole vaja enam \u00fckshaaval avasse sisestada. Korraga saab masinasse valada 100\u2013150 pakendit.<\/p>\n","protected":false},"excerpt":{"rendered":"Kuressaares Coopi Kaubaaida juures avati t\u00e4na, 2. septembril Saaremaa esimene KALLA taaraautomaat, kuhu ei pea pudeleid ja purke&hellip;\n","protected":false},"author":2,"featured_media":266538,"comment_status":"","ping_status":"","sticky":false,"template":"","format":"standard","meta":{"footnotes":"","_share_on_mastodon":"0"},"categories":[12],"tags":[461,1553,26,27,5639,37,33,35,34,36,112,31,32,103354,21,103352,103355,456,28,29,19,99321,95953,25,103353,948,23,24,22,20,30],"class_list":["post-266537","post","type-post","status-publish","format-standard","has-post-thumbnail","category-eesti","tag-ameerika","tag-austraalia","tag-breaking-news","tag-breakingnews","tag-coop","tag-ee","tag-eesti","tag-eesti-keel","tag-estonia","tag-estonian","tag-euroopa","tag-featured-news","tag-featurednews","tag-hanza-mechanics","tag-headlines","tag-kalla-taaraautomaat","tag-kalma","tag-kuressaare","tag-latest-news","tag-latestnews","tag-news","tag-pandipakend","tag-pandisusteem","tag-populaarseimad-lood","tag-rvm-systems","tag-saaremaa","tag-top-stories","tag-topstories","tag-uldised-uudised","tag-uudised","tag-viimased-uudised"],"share_on_mastodon":{"url":"https:\/\/pubeurope.com\/@ee\/117201009616513274","error":""},"_links":{"self":[{"href":"https:\/\/www.europesays.com\/ee\/wp-json\/wp\/v2\/posts\/266537","targetHints":{"allow":["GET"]}}],"collection":[{"href":"https:\/\/www.europesays.com\/ee\/wp-json\/wp\/v2\/posts"}],"about":[{"href":"https:\/\/www.europesays.com\/ee\/wp-json\/wp\/v2\/types\/post"}],"author":[{"embeddable":true,"href":"https:\/\/www.europesays.com\/ee\/wp-json\/wp\/v2\/users\/2"}],"replies":[{"embeddable":true,"href":"https:\/\/www.europesays.com\/ee\/wp-json\/wp\/v2\/comments?post=266537"}],"version-history":[{"count":0,"href":"https:\/\/www.europesays.com\/ee\/wp-json\/wp\/v2\/posts\/266537\/revisions"}],"wp:featuredmedia":[{"embeddable":true,"href":"https:\/\/www.europesays.com\/ee\/wp-json\/wp\/v2\/media\/266538"}],"wp:attachment":[{"href":"https:\/\/www.europesays.com\/ee\/wp-json\/wp\/v2\/media?parent=266537"}],"wp:term":[{"taxonomy":"category","embeddable":true,"href":"https:\/\/www.europesays.com\/ee\/wp-json\/wp\/v2\/categories?post=266537"},{"taxonomy":"post_tag","embeddable":true,"href":"https:\/\/www.europesays.com\/ee\/wp-json\/wp\/v2\/tags?post=266537"}],"curies":[{"name":"wp","href":"https:\/\/api.w.org\/{rel}","templated":true}]}}