{"id":266553,"date":"2026-09-02T10:55:21","date_gmt":"2026-09-02T10:55:21","guid":{"rendered":"https:\/\/www.europesays.com\/ee\/266553\/"},"modified":"2026-09-02T10:55:21","modified_gmt":"2026-09-02T10:55:21","slug":"barcelona-ostis-arsenali-rundaja-jesuse","status":"publish","type":"post","link":"https:\/\/www.europesays.com\/ee\/266553\/","title":{"rendered":"Barcelona ostis Arsenali r\u00fcndaja Jesuse"},"content":{"rendered":"<p>BBC Spordi teatel peab Kataloonia suurklubi Jesuse \u00fclemineku eest inglastele maksma 8,6 miljonit naela ehk umbes 10 miljonit eurot.<\/p>\n<p>29-aastane brasiillane liitus Arsenaliga 2022. aastal Manchester Cityst ning l\u00f5i pealinna klubi eest 123 m\u00e4nguga kokku 32 v\u00e4ravat. Eelmisel hooajal kuivasid Jesuse m\u00e4nguminutid aga kokku ning ta sai platsile vaid 14 liigam\u00e4ngus. <\/p>\n<p>P\u00e4rast Arsenali esmasp\u00e4evast v\u00f5itu Aston Villa \u00fcle \u00fctles peatreener <a rel=\"noopener nofollow\" target=\"_blank\" href=\"https:\/\/www.delfi.ee\/teema\/56504320\/mikel-arteta\" tag-id=\"56504320\">Mikel Arteta<\/a>, et Jesus pole koos nendega treeninud, sest on klubist lahkumas.<\/p>\n<p>Jesus on kolmas m\u00e4ngija, kelle Barcelona on sel suvel Premier League\u2019i klubidest ostnud. Varem oli tugevdatud rivistust Newcastle\u2019i \u00e4\u00e4repoolkaitsja Anthony Gordoni ja Manchester City keskv\u00e4ljamehe <a rel=\"noopener nofollow\" target=\"_blank\" href=\"https:\/\/www.delfi.ee\/teema\/96865496\/rodri\" tag-id=\"96865496\">Rodriga<\/a>.<\/p>\n<p>Arsenal t\u00f5i suvel oma r\u00fcndeliini juurde 24-aastase kreeklase Christos Tzolise, kelle eest maksti Br\u00fcggele 34 miljonit naela. <\/p>\n<p>Kuidas see lugu Sind end tundma pani?Saada<a href=\"https:\/\/sport.delfi.ee\/artikkel\/120607652\/barcelona-ostis-arsenali-rundaja-jesuse\/kommentaarid\" class=\"button button--primary button--size-auto article-body-bottom__comment article-body-bottom__comment--write\" style=\"\" rel=\"nofollow noopener\" target=\"_blank\">Kommenteeri<\/a><a href=\"https:\/\/sport.delfi.ee\/artikkel\/120607652\/barcelona-ostis-arsenali-rundaja-jesuse\/kommentaarid\" class=\"button button--size-auto article-body-bottom__comment article-body-bottom__comment--read\" style=\"\" rel=\"nofollow noopener\" target=\"_blank\">Loe kommentaare (4)<\/a><\/p>\n","protected":false},"excerpt":{"rendered":"BBC Spordi teatel peab Kataloonia suurklubi Jesuse \u00fclemineku eest inglastele maksma 8,6 miljonit naela ehk umbes 10 miljonit&hellip;\n","protected":false},"author":2,"featured_media":266554,"comment_status":"","ping_status":"","sticky":false,"template":"","format":"standard","meta":{"footnotes":"","_share_on_mastodon":"0"},"categories":[18],"tags":[37,33,35,34,36,4244,43935,4529,5969,5904,159,158],"class_list":["post-266553","post","type-post","status-publish","format-standard","has-post-thumbnail","category-sport","tag-ee","tag-eesti","tag-eesti-keel","tag-estonia","tag-estonian","tag-fc-barcelona","tag-gabriel-jesus","tag-londoni-arsenal","tag-mikel-arteta","tag-rodri","tag-sport","tag-sports"],"share_on_mastodon":{"url":"https:\/\/pubeurope.com\/@ee\/117201084403403470","error":""},"_links":{"self":[{"href":"https:\/\/www.europesays.com\/ee\/wp-json\/wp\/v2\/posts\/266553","targetHints":{"allow":["GET"]}}],"collection":[{"href":"https:\/\/www.europesays.com\/ee\/wp-json\/wp\/v2\/posts"}],"about":[{"href":"https:\/\/www.europesays.com\/ee\/wp-json\/wp\/v2\/types\/post"}],"author":[{"embeddable":true,"href":"https:\/\/www.europesays.com\/ee\/wp-json\/wp\/v2\/users\/2"}],"replies":[{"embeddable":true,"href":"https:\/\/www.europesays.com\/ee\/wp-json\/wp\/v2\/comments?post=266553"}],"version-history":[{"count":0,"href":"https:\/\/www.europesays.com\/ee\/wp-json\/wp\/v2\/posts\/266553\/revisions"}],"wp:featuredmedia":[{"embeddable":true,"href":"https:\/\/www.europesays.com\/ee\/wp-json\/wp\/v2\/media\/266554"}],"wp:attachment":[{"href":"https:\/\/www.europesays.com\/ee\/wp-json\/wp\/v2\/media?parent=266553"}],"wp:term":[{"taxonomy":"category","embeddable":true,"href":"https:\/\/www.europesays.com\/ee\/wp-json\/wp\/v2\/categories?post=266553"},{"taxonomy":"post_tag","embeddable":true,"href":"https:\/\/www.europesays.com\/ee\/wp-json\/wp\/v2\/tags?post=266553"}],"curies":[{"name":"wp","href":"https:\/\/api.w.org\/{rel}","templated":true}]}}