{"id":266573,"date":"2026-09-02T11:29:11","date_gmt":"2026-09-02T11:29:11","guid":{"rendered":"https:\/\/www.europesays.com\/ee\/266573\/"},"modified":"2026-09-02T11:29:11","modified_gmt":"2026-09-02T11:29:11","slug":"oktoobris-jouab-kinodesse-dokumentaalfilm-odaviskaja-magnus-kirdist-film","status":"publish","type":"post","link":"https:\/\/www.europesays.com\/ee\/266573\/","title":{"rendered":"Oktoobris j\u00f5uab kinodesse dokumentaalfilm odaviskaja Magnus Kirdist | Film"},"content":{"rendered":"<p>T\u00e4na avalikustati dokumentaalfilmi &#8220;Magnus Kirt: Tagasitulek&#8221; treiler. Film j\u00f5uab kinodesse \u00fcle Eesti 2. oktoobril.<\/p>\n<p>&#8220;Ma pean seda filmi vaatama iga kord, kui endas kahtlema hakkan,&#8221; s\u00f5nas filmi peategelane Magnus Kirt re\u017eiss\u00f6\u00f6r Steiv Silmale p\u00e4rast filmi t\u00f6\u00f6versiooni n\u00e4gemist suurel ekraanil.<\/p>\n<p>Film r\u00e4\u00e4gib odaviskaja Magnus Kirdist, kes viskas oda kaugemale kui \u00fckski eestlane enne teda. 2019. aastal oli ta maailma edetabeli esinumber. Hooaja keskel viis ta Eesti rekordi esmakordselt \u00fcle 90 meetri, 90.61. Hooaja l\u00f5pus v\u00f5itis ta viimase katsega Teemantliiga \u00fcldv\u00f5idu.<\/p>\n<p>Aasta varem Euroopa esiv\u00f5istlustelt pronksi v\u00f5itnud mees l\u00e4ks Dohasse maailmameistriv\u00f5istlustele suurfavoriidina kulla j\u00e4rele. Ent eelviimasel katsel tuli viske ajal \u00f5lg liigesest v\u00e4lja. Miljonite televaatajate silme all. Viimasele katsele, mis oli aastaid olnud tema tugevaim relv, ta enam minna ei saanud.<\/p>\n<p>Filmis \u00fctleb Magnus, et see kaela saadud h\u00f5bemedal oli talle nagu m\u00f5ttetu plekit\u00fckk. J\u00e4rgnes pikk ja p\u00f6\u00f6rdeid t\u00e4is tagasituleku teekond.<\/p>\n<p>&#8220;Ma olin alguses filmi tegemise suhtes v\u00e4ga skeptiline, et mis sellest v\u00e4lja tuleb,&#8221; tunnistas Kirt. &#8220;P\u00f5hjuseks see, et v\u00f5ttetiim alustas filmimist p\u00e4rast minu medaleid. Tagantj\u00e4rele vaadates olen aga v\u00e4ga rahul, et selline film sai tehtud. N\u00e4hes vahepealset t\u00f6\u00f6varianti, siis seal olid nii t\u00f5usud kui m\u00f5\u00f5nad k\u00f5ik v\u00e4ga heas tasakaalus.&#8221;<\/p>\n<p>Filmimine algas 2020. aasta suvel ja kuue aastaga j\u00f5udis p\u00e4ris palju muutuda. &#8220;Ei ole m\u00f5tet salata, et teekond filmi valmimiseni oli t\u00e4pselt sama k\u00fcnklik kui Magnuse enda tagasitulek. Aga l\u00f5puks oleme m\u00f5lemad kohal. V\u00e4hemalt mingis vahejaamas, p\u00e4rast k\u00f5iki neid pikki aastaid. Ja selle \u00fcle olen v\u00e4ga \u00f5nnelik. Olen veendunud, et suurel ekraanil ei j\u00e4ta see film kedagi k\u00fclmaks,&#8221; \u00fctles re\u017eiss\u00f6\u00f6r Silm.<\/p>\n<p>Peategelane ootab kinolevi suure p\u00f5nevusega. \u00dcks tema soove filmi juures oli, et seda n\u00e4eksid noored. Eriti need, kes ise tippu r\u00fchivad. &#8220;Filmist tuleb suurep\u00e4raselt v\u00e4lja nii spordi ilu kui ka valu,&#8221; \u00fctles Kirt. &#8220;Just see valu pool, treeningud ja l\u00f5putu t\u00f6\u00f6tegemine on see, mida tavavaataja reeglina ei n\u00e4e. Ja millega ta seet\u00f5ttu ei oska ka samastuda. Siin on see olemas.&#8221;<\/p>\n<p>Silm r\u00f5hutab, et ehkki pealtn\u00e4ha on tegemist spordifilmiga, on tegelik m\u00f5\u00f5de oluliselt laiem. Isa liiga varajane lahkumine ja dramaatiline vigastus Dohas on vaid m\u00f5ned neist v\u00e4ga keerulistest olukordadest, millega Magnus silmitsi seisab.<\/p>\n<p>Filmis r\u00e4\u00e4givad Magnusest ka odaviske maailma tipud. Tokyo ja India ajaloo esimene kergej\u00f5ustiku ol\u00fcmpiav\u00f5itja Neeraj Chopra, Rio ol\u00fcmpiav\u00f5itja Thomas R\u00f6hler ja Rootsi rekordimees Kim Amb.<\/p>\n","protected":false},"excerpt":{"rendered":"T\u00e4na avalikustati dokumentaalfilmi &#8220;Magnus Kirt: Tagasitulek&#8221; treiler. Film j\u00f5uab kinodesse \u00fcle Eesti 2. oktoobril. &#8220;Ma pean seda filmi&hellip;\n","protected":false},"author":2,"featured_media":266574,"comment_status":"","ping_status":"","sticky":false,"template":"","format":"standard","meta":{"footnotes":"","_share_on_mastodon":"0"},"categories":[82],"tags":[37,33,35,173,34,36,208,209,1067,103369,140,207],"class_list":["post-266573","post","type-post","status-publish","format-standard","has-post-thumbnail","category-filmid","tag-ee","tag-eesti","tag-eesti-keel","tag-entertainment","tag-estonia","tag-estonian","tag-film","tag-filmid","tag-magnus-kirt","tag-magnus-kirt-tagasitulek","tag-meelelahutus","tag-movies"],"share_on_mastodon":{"url":"https:\/\/pubeurope.com\/@ee\/117201218119724557","error":""},"_links":{"self":[{"href":"https:\/\/www.europesays.com\/ee\/wp-json\/wp\/v2\/posts\/266573","targetHints":{"allow":["GET"]}}],"collection":[{"href":"https:\/\/www.europesays.com\/ee\/wp-json\/wp\/v2\/posts"}],"about":[{"href":"https:\/\/www.europesays.com\/ee\/wp-json\/wp\/v2\/types\/post"}],"author":[{"embeddable":true,"href":"https:\/\/www.europesays.com\/ee\/wp-json\/wp\/v2\/users\/2"}],"replies":[{"embeddable":true,"href":"https:\/\/www.europesays.com\/ee\/wp-json\/wp\/v2\/comments?post=266573"}],"version-history":[{"count":0,"href":"https:\/\/www.europesays.com\/ee\/wp-json\/wp\/v2\/posts\/266573\/revisions"}],"wp:featuredmedia":[{"embeddable":true,"href":"https:\/\/www.europesays.com\/ee\/wp-json\/wp\/v2\/media\/266574"}],"wp:attachment":[{"href":"https:\/\/www.europesays.com\/ee\/wp-json\/wp\/v2\/media?parent=266573"}],"wp:term":[{"taxonomy":"category","embeddable":true,"href":"https:\/\/www.europesays.com\/ee\/wp-json\/wp\/v2\/categories?post=266573"},{"taxonomy":"post_tag","embeddable":true,"href":"https:\/\/www.europesays.com\/ee\/wp-json\/wp\/v2\/tags?post=266573"}],"curies":[{"name":"wp","href":"https:\/\/api.w.org\/{rel}","templated":true}]}}