{"id":266589,"date":"2026-09-02T11:47:33","date_gmt":"2026-09-02T11:47:33","guid":{"rendered":"https:\/\/www.europesays.com\/ee\/266589\/"},"modified":"2026-09-02T11:47:33","modified_gmt":"2026-09-02T11:47:33","slug":"himaalaja-katastroofis-hukkunute-arv-on-tousnud-1130ni-maailm-postimees-ee","status":"publish","type":"post","link":"https:\/\/www.europesays.com\/ee\/266589\/","title":{"rendered":"Himaalaja katastroofis hukkunute arv on t\u00f5usnud 1130ni &#8211; Maailm &#8211; Postimees.ee"},"content":{"rendered":"<ol>\n<li><a href=\"https:\/\/news.google.com\/rss\/articles\/CBMilAFBVV95cUxQM3ZXSTcyNlZMVXpvOURBZWJaanRfMG9SMHQtV0JndFJNMzVyZmtNWlZIQlpUVUFacjRuekNDaUtlNllfaC1sYWxhd19kdXR3c0Vucmpqd0ZPMnpaWnRwUEFkYjJaeENndnFLenF2R2FJSE9zZ0RkS3hwZjFrc3o0TlRfeUxhZHBlams5Y0IwSFZBclcx?oc=5\" target=\"_blank\" rel=\"nofollow noopener\">Himaalaja katastroofis hukkunute arv on t\u00f5usnud 1130ni<\/a>&nbsp;&nbsp;Maailm &#8211; Postimees.ee<\/li>\n<li><a href=\"https:\/\/news.google.com\/rss\/articles\/CBMimAFBVV95cUxQYXVjUjJPMFFJR2dSRk5qZ2NtaGkzLTBqQkpPejNLOWp6cWRpYlVNaXM4TXJIYjBTU1BhUlNfdUtjNG5acjNHWUwtanpSR242ajZ3bHZMd24yV19TcFpMMFJ0RUNkaTBsZGdRVnlIUUFYYncxdDdwVW4xVUN4WUszZWZHbWNYQVlVdG1HZlljVGppZHlMRGJjRA?oc=5\" target=\"_blank\" rel=\"nofollow noopener\">Nepal: \u00fcleujutustes hukkunute arv t\u00f5usis 781-ni, kadunuid on 2502<\/a>&nbsp;&nbsp;ERR<\/li>\n<li><a href=\"https:\/\/news.google.com\/rss\/articles\/CBMi4wFBVV95cUxQanEweW1iVVByMnFObmxOTmpTbFlJWl9Zd1NHQ0ZjMzN3T1NEbTNaQ0plQkoyLWpHRjBBTXg0RC1tUEtmNVZPakRhZlJ3cV9BWFd2MkxkaVA3WHhDSEUydDRqR1QyR2dEVGxDVDVfdFNMbmsxS2MxdG1rQlA5Wnp6RkRlUUZ1SVp2ZHpnUGYzd20xLXVtLU4xVGtLQmd1bkRnVVRVdUI0eXM4d0NIWUZSU3VLVk1mNDFaSXdRWFdxSWVpeWhLWW5NUEJnR25YNVE0WGhva2Q4MnBkbEdHd1M5akNoSQ?oc=5\" target=\"_blank\" rel=\"nofollow noopener\">Nepalis on kadunud veel ligi 3000 inimest. Rahandusminister: riigi \u00fcles ehitamiseks kulub umbes viis miljardit dollarit<\/a>&nbsp;&nbsp;\u00d5htuleht<\/li>\n<li><a href=\"https:\/\/news.google.com\/rss\/articles\/CBMiuwFBVV95cUxNcTg3WExKQVJCLXlsdFFOTGxtMzVWRHc2c1hLS05WTjRaVWs4cU13TEwtYl9TVVpkVnJ5VTFWbUFLemxncmEyOVBvQWNNekl5bVVhWmtaTzhMcDF0czYweVJGUklFN0pWOXIxUzZHdVpwV2JtTDh1ZmxmX3FwMUE2QVpTWFpnRGswQU5aNWJZR2Q4bWY3S2ZyLXBoeFhubGNZUVRPQzJCVmh6ZHRMeG40bGNhdmtmVE8tX2R3?oc=5\" target=\"_blank\" rel=\"nofollow noopener\">Nepal otsib ligi 3000 kadunut ja valmistub miljarditesse ulatuvateks kuludeks<\/a>&nbsp;&nbsp;\u00c4rip\u00e4ev<\/li>\n<li><a href=\"https:\/\/news.google.com\/rss\/articles\/CBMivAFBVV95cUxNak92c0ZXWlpRWWhwdWp3R3Y5aDMybElibHlqNDBxNW5KeDNLU0xSZ3ZZQmxiN3VLelRQcEk4MjVRd1ZiTVBicFU5Z1lINHRpU2tyVm5pM2JwNmxuMVczSnlLcHBZV3RJQWdfRjdlbDZJdVRmN054M05SUzlxQ21DdGlCOTFzb2FVRFdCM2gtSmNZQ3NVX3p1Y19qNDRrcnVxMjBITnVLbkdhZW1OUkxhNHZlV3pET1hGcmhDZw?oc=5\" target=\"_blank\" rel=\"nofollow noopener\">Tsahkna: anname endast k\u00f5ik, et Nepalis kadunuks j\u00e4\u00e4nud Eesti kodanikud \u00fcles leida<\/a>&nbsp;&nbsp;Delfi<\/li>\n<\/ol>\n","protected":false},"excerpt":{"rendered":"Himaalaja katastroofis hukkunute arv on t\u00f5usnud 1130ni&nbsp;&nbsp;Maailm &#8211; Postimees.ee Nepal: \u00fcleujutustes hukkunute arv t\u00f5usis 781-ni, kadunuid on 2502&nbsp;&nbsp;ERR&hellip;\n","protected":false},"author":2,"featured_media":266590,"comment_status":"","ping_status":"","sticky":false,"template":"","format":"standard","meta":{"footnotes":"","_share_on_mastodon":"0"},"categories":[12],"tags":[26,27,37,33,35,34,36,31,32,21,326,8381,17245,28,29,8146,19,25,23,24,22,20,30],"class_list":["post-266589","post","type-post","status-publish","format-standard","has-post-thumbnail","category-eesti","tag-breaking-news","tag-breakingnews","tag-ee","tag-eesti","tag-eesti-keel","tag-estonia","tag-estonian","tag-featured-news","tag-featurednews","tag-headlines","tag-hiina","tag-himaalaja","tag-katastroof","tag-latest-news","tag-latestnews","tag-nepal","tag-news","tag-populaarseimad-lood","tag-top-stories","tag-topstories","tag-uldised-uudised","tag-uudised","tag-viimased-uudised"],"share_on_mastodon":{"url":"https:\/\/pubeurope.com\/@ee\/117201288821520363","error":""},"_links":{"self":[{"href":"https:\/\/www.europesays.com\/ee\/wp-json\/wp\/v2\/posts\/266589","targetHints":{"allow":["GET"]}}],"collection":[{"href":"https:\/\/www.europesays.com\/ee\/wp-json\/wp\/v2\/posts"}],"about":[{"href":"https:\/\/www.europesays.com\/ee\/wp-json\/wp\/v2\/types\/post"}],"author":[{"embeddable":true,"href":"https:\/\/www.europesays.com\/ee\/wp-json\/wp\/v2\/users\/2"}],"replies":[{"embeddable":true,"href":"https:\/\/www.europesays.com\/ee\/wp-json\/wp\/v2\/comments?post=266589"}],"version-history":[{"count":0,"href":"https:\/\/www.europesays.com\/ee\/wp-json\/wp\/v2\/posts\/266589\/revisions"}],"wp:featuredmedia":[{"embeddable":true,"href":"https:\/\/www.europesays.com\/ee\/wp-json\/wp\/v2\/media\/266590"}],"wp:attachment":[{"href":"https:\/\/www.europesays.com\/ee\/wp-json\/wp\/v2\/media?parent=266589"}],"wp:term":[{"taxonomy":"category","embeddable":true,"href":"https:\/\/www.europesays.com\/ee\/wp-json\/wp\/v2\/categories?post=266589"},{"taxonomy":"post_tag","embeddable":true,"href":"https:\/\/www.europesays.com\/ee\/wp-json\/wp\/v2\/tags?post=266589"}],"curies":[{"name":"wp","href":"https:\/\/api.w.org\/{rel}","templated":true}]}}