{"id":266593,"date":"2026-09-02T11:55:13","date_gmt":"2026-09-02T11:55:13","guid":{"rendered":"https:\/\/www.europesays.com\/ee\/266593\/"},"modified":"2026-09-02T11:55:13","modified_gmt":"2026-09-02T11:55:13","slug":"kas-tunnete-tahtmangija-ara-haalandi-miljon-dollarit-vaart-kiharate-anatoomia","status":"publish","type":"post","link":"https:\/\/www.europesays.com\/ee\/266593\/","title":{"rendered":"Kas tunnete t\u00e4htm\u00e4ngija \u00e4ra? Haalandi miljon dollarit v\u00e4\u00e4rt kiharate anatoomia"},"content":{"rendered":"<p>Norra jalgpallikoondislase ja Manchester City r\u00fcndaja Erling Braut Haalandi kuulus hobusesabasoeng sai omaette fenomeniks. N\u00fc\u00fcd on 26-aastane norralane l\u00e4binud stiilimuutuse ja lasknud endale l\u00f5igata siilisoengu.<\/p>\n<p>Sellega v\u00f5is otsa saada ka miljonitesse kerkinud patsikummide m\u00fc\u00fcmise k\u00e4ive, kusjuures Haalandil endal oli ka \u00fches sellises firmas k\u00e4si sees.<\/p>\n","protected":false},"excerpt":{"rendered":"Norra jalgpallikoondislase ja Manchester City r\u00fcndaja Erling Braut Haalandi kuulus hobusesabasoeng sai omaette fenomeniks. N\u00fc\u00fcd on 26-aastane norralane&hellip;\n","protected":false},"author":2,"featured_media":266594,"comment_status":"","ping_status":"","sticky":false,"template":"","format":"standard","meta":{"footnotes":"","_share_on_mastodon":"0"},"categories":[18],"tags":[1561,37,33,35,17638,34,36,103376,103375,1614,11148,15686,159,158],"class_list":["post-266593","post","type-post","status-publish","format-standard","has-post-thumbnail","category-sport","tag-david-beckham","tag-ee","tag-eesti","tag-eesti-keel","tag-erling-braut-haaland","tag-estonia","tag-estonian","tag-jalgpallurite-soengud","tag-jan-thomas","tag-manchester-city","tag-martin-odegaard","tag-norra-jalgpallikoondis","tag-sport","tag-sports"],"share_on_mastodon":{"url":"https:\/\/pubeurope.com\/@ee\/117201320196773275","error":""},"_links":{"self":[{"href":"https:\/\/www.europesays.com\/ee\/wp-json\/wp\/v2\/posts\/266593","targetHints":{"allow":["GET"]}}],"collection":[{"href":"https:\/\/www.europesays.com\/ee\/wp-json\/wp\/v2\/posts"}],"about":[{"href":"https:\/\/www.europesays.com\/ee\/wp-json\/wp\/v2\/types\/post"}],"author":[{"embeddable":true,"href":"https:\/\/www.europesays.com\/ee\/wp-json\/wp\/v2\/users\/2"}],"replies":[{"embeddable":true,"href":"https:\/\/www.europesays.com\/ee\/wp-json\/wp\/v2\/comments?post=266593"}],"version-history":[{"count":0,"href":"https:\/\/www.europesays.com\/ee\/wp-json\/wp\/v2\/posts\/266593\/revisions"}],"wp:featuredmedia":[{"embeddable":true,"href":"https:\/\/www.europesays.com\/ee\/wp-json\/wp\/v2\/media\/266594"}],"wp:attachment":[{"href":"https:\/\/www.europesays.com\/ee\/wp-json\/wp\/v2\/media?parent=266593"}],"wp:term":[{"taxonomy":"category","embeddable":true,"href":"https:\/\/www.europesays.com\/ee\/wp-json\/wp\/v2\/categories?post=266593"},{"taxonomy":"post_tag","embeddable":true,"href":"https:\/\/www.europesays.com\/ee\/wp-json\/wp\/v2\/tags?post=266593"}],"curies":[{"name":"wp","href":"https:\/\/api.w.org\/{rel}","templated":true}]}}