{"id":266595,"date":"2026-09-02T11:58:11","date_gmt":"2026-09-02T11:58:11","guid":{"rendered":"https:\/\/www.europesays.com\/ee\/266595\/"},"modified":"2026-09-02T11:58:11","modified_gmt":"2026-09-02T11:58:11","slug":"meedia-moskva-aitab-iraanil-arendada-ulehelikiirusega-tiibrakette-valismaa","status":"publish","type":"post","link":"https:\/\/www.europesays.com\/ee\/266595\/","title":{"rendered":"Meedia: Moskva aitab Iraanil arendada \u00fclehelikiirusega tiibrakette | V\u00e4lismaa"},"content":{"rendered":"<p>L\u00e4\u00e4neriikide v\u00e4ljaanded kirjutasid teisip\u00e4eval, et Venemaa on alates 2023. aastast aidanud Iraanil arendada \u00fclehelikiirusega tiibrakette. Sellised raketid v\u00f5ivad tulevikus kujutada endast t\u00f5sist ohtu L\u00e4his-Idas asuvatele USA s\u00f5jalaevadele.<\/p>\n<p>Meedia teatel kannab programm nime C340L ning selle eesm\u00e4rk on aidata Iraanil v\u00e4lja arendada mootor, mis v\u00f5imaldaks tiibraketil lennata \u00fcle helikiiruse. Ajalehe Financial Times teatel m\u00e4rkisid eksperdid, et sellise tundliku s\u00f5jatehnoloogia \u00fcleandmine eeldab Kremli k\u00f5rgeima tasandi poliitilist heakskiitu.<\/p>\n<p>Ajaleht <a href=\"https:\/\/www.telegraph.co.uk\/world-news\/2026\/09\/02\/russia-helps-iran-build-c340l-supersonic-cruise-missiles\/\" target=\"_blank\" rel=\"noopener nofollow\">The Telegraph<\/a> m\u00e4rgib, et sellised raketid v\u00f5ivad lennata madalal k\u00f5rgusel ja v\u00e4ga suure kiirusega, mist\u00f5ttu on neid raske avastada ja tabada.<\/p>\n<p>&#8220;Iraanile annaks see kvalitatiivselt uue strateegilise relvas\u00fcsteemi, mis v\u00f5iks ohustada USA merev\u00e4e aluseid,&#8221; \u00fctles CIA endine s\u00f5jav\u00e4eanal\u00fc\u00fctik Jim Lamson.\u00a0<\/p>\n<p>Praegu puuduvad siiski t\u00f5endid, et Iraan oleks sellised raketid juba kasutusele v\u00f5tnud. Meedia teatel on aga tegemist laiema Venemaa ja Iraani s\u00f5jalise koost\u00f6\u00f6ga. Iraan on andnud Venemaale Shahedi droone, samal ajal kui Moskva jagab Teheraniga luureandmeid ja muud s\u00f5jatehnoloogiat.<\/p>\n<p>&#8220;Tegemist on strateegiliselt \u00e4\u00e4rmiselt tundliku s\u00f5jalise tehnoloogia \u00fcleandmisega,\u00a0 tehnoloogiaga, mida iraanlased on aastak\u00fcmneid omandada soovinud,&#8221; \u00fctles Iraani rakettide ekspert Fabian Hinz.\u00a0<\/p>\n<p>Ekspertide hinnangul soovib Venemaa laiendada Ukraina s\u00f5ja m\u00f5ju teistele piirkondadele ja suurendada sellega USA koormust L\u00e4his-Idas.<\/p>\n<p>&#8220;Nende koost\u00f6\u00f6 n\u00e4itab, et Venemaa p\u00fc\u00fcab Ukraina s\u00f5ja m\u00f5ju laiendada ning t\u00f5mmata USA-d erinevatesse konfliktikolletesse,&#8221; \u00fctles Pariisis asuva Sciences Po \u00fclikooli professor Nicole Grajewski.<\/p>\n","protected":false},"excerpt":{"rendered":"L\u00e4\u00e4neriikide v\u00e4ljaanded kirjutasid teisip\u00e4eval, et Venemaa on alates 2023. aastast aidanud Iraanil arendada \u00fclehelikiirusega tiibrakette. Sellised raketid v\u00f5ivad&hellip;\n","protected":false},"author":2,"featured_media":266596,"comment_status":"","ping_status":"","sticky":false,"template":"","format":"standard","meta":{"footnotes":"","_share_on_mastodon":"0"},"categories":[80],"tags":[26,27,37,33,35,34,36,31,32,21,1925,28,29,95,19,25,1049,23,24,262,22,325,20,96,30,92,93,94],"class_list":["post-266595","post","type-post","status-publish","format-standard","has-post-thumbnail","category-maailm","tag-breaking-news","tag-breakingnews","tag-ee","tag-eesti","tag-eesti-keel","tag-estonia","tag-estonian","tag-featured-news","tag-featurednews","tag-headlines","tag-iraan","tag-latest-news","tag-latestnews","tag-maailm","tag-news","tag-populaarseimad-lood","tag-soda","tag-top-stories","tag-topstories","tag-ukraina","tag-uldised-uudised","tag-usa","tag-uudised","tag-venemaa","tag-viimased-uudised","tag-world","tag-world-news","tag-worldnews"],"share_on_mastodon":{"url":"https:\/\/pubeurope.com\/@ee\/117201332092993763","error":""},"_links":{"self":[{"href":"https:\/\/www.europesays.com\/ee\/wp-json\/wp\/v2\/posts\/266595","targetHints":{"allow":["GET"]}}],"collection":[{"href":"https:\/\/www.europesays.com\/ee\/wp-json\/wp\/v2\/posts"}],"about":[{"href":"https:\/\/www.europesays.com\/ee\/wp-json\/wp\/v2\/types\/post"}],"author":[{"embeddable":true,"href":"https:\/\/www.europesays.com\/ee\/wp-json\/wp\/v2\/users\/2"}],"replies":[{"embeddable":true,"href":"https:\/\/www.europesays.com\/ee\/wp-json\/wp\/v2\/comments?post=266595"}],"version-history":[{"count":0,"href":"https:\/\/www.europesays.com\/ee\/wp-json\/wp\/v2\/posts\/266595\/revisions"}],"wp:featuredmedia":[{"embeddable":true,"href":"https:\/\/www.europesays.com\/ee\/wp-json\/wp\/v2\/media\/266596"}],"wp:attachment":[{"href":"https:\/\/www.europesays.com\/ee\/wp-json\/wp\/v2\/media?parent=266595"}],"wp:term":[{"taxonomy":"category","embeddable":true,"href":"https:\/\/www.europesays.com\/ee\/wp-json\/wp\/v2\/categories?post=266595"},{"taxonomy":"post_tag","embeddable":true,"href":"https:\/\/www.europesays.com\/ee\/wp-json\/wp\/v2\/tags?post=266595"}],"curies":[{"name":"wp","href":"https:\/\/api.w.org\/{rel}","templated":true}]}}