{"id":266603,"date":"2026-09-02T12:07:13","date_gmt":"2026-09-02T12:07:13","guid":{"rendered":"https:\/\/www.europesays.com\/ee\/266603\/"},"modified":"2026-09-02T12:07:13","modified_gmt":"2026-09-02T12:07:13","slug":"balti-turniiri-voidu-loonud-mustmaa-liitus-serbia-korgliigaklubiga-soccernet-ee","status":"publish","type":"post","link":"https:\/\/www.europesays.com\/ee\/266603\/","title":{"rendered":"Balti turniiri v\u00f5idu l\u00f6\u00f6nud Mustmaa liitus Serbia k\u00f5rgliigaklubiga &#8211; Soccernet.ee"},"content":{"rendered":"<p><img decoding=\"async\" src=\"https:\/\/www.europesays.com\/ee\/wp-content\/uploads\/2026\/09\/1788347213.jpg\" alt=\"Karel Mustmaa. Foto: Brit Maria Tael\"\/>&#13;\n<\/p>\n<p>Eesti koondise r\u00fcndem\u00e4ngija Karel Mustmaa l\u00e4ks aastaks laenule Serbia k\u00f5rgliigaklubisse\u00a0FK Cukaricki.<\/p>\n<p>Mitu aastat Benfica s\u00fcsteemis m\u00e4nginud Karel Mustmaa astus sammu meeste jalgpalli eelmisel suvel, kui liitus Thessaloniki PAOK-i duubliga. Tal \u00f5nnestus p\u00f5hitegijana kaasa teha pea k\u00f5ikides kohtumistes ja l\u00fc\u00fca neli v\u00e4ravat, millele lisas viis v\u00e4ravas\u00f6\u00f6tu. Mustmaa eesm\u00e4rk oli sealt edasi murda p\u00f5himeeskonda, kuid kuna see n\u00e4is keerulisena, j\u00e4lgis ta avatult \u00fcleminekuturul toimuvat.&#13;\n<\/p>\n<p>N\u00fc\u00fcd \u00f5nnestus 21-aastasel Mustmaal leida uus v\u00e4ljakutse Serbia k\u00f5rgliigaklubi FK Cukaricki n\u00e4ol. Osapooled s\u00f5lmisid aastase laenulepingu.&#13;\n<\/p>\n<p>&#8220;Esmamuljed on suurep\u00e4rased. K\u00f5ik on v\u00e4ga s\u00f5bralikud ja klubi on h\u00e4sti organiseeritud. Kuulsin, et Cukaricki on klubi, kes oskab h\u00e4sti suures m\u00e4ngus kaarte segada ja on tavaliselt l\u00f5petanud tabeli \u00fclemises otsas. On ka n\u00e4ha, et siin antakse noortele m\u00e4ngijatele v\u00f5imalusi ja see paelus mind k\u00f5ige enam,&#8221; kommenteeris Mustmaa uue m\u00e4ngupaiga koduklubi vahendusel.<\/p>\n<p>Harju JK Laagrist v\u00e4lismaale liikunud Mustmaa karj\u00e4\u00e4ris on Cukaricki kolmandaks v\u00e4lisklubiks. Eesti A-koondises on tal kirjas viis m\u00e4ngu ja \u00fcks v\u00e4rav &#8211; Balti turniiri v\u00f5idu toonud tabamus Leedu v\u00f5rku.&#13;\n<\/p>\n<p>K\u00e4imasoleval hooajal on Cukaricki pidanud \u00e4ra seitse liigam\u00e4ngu ning teenitud k\u00fcmne punktiga hoitakse neljandat tabelikohta. Cukaricki on korra v\u00f5itnud Serbia karika (2014\/2015) ning m\u00f5ne aasta eest j\u00f5uti finaali. Liigahooaja senine parim tulemus on kolmas koht, mis saadi viimati k\u00e4tte hooajal 2022\/2023.&#13;<\/p>\n","protected":false},"excerpt":{"rendered":"&#13; Eesti koondise r\u00fcndem\u00e4ngija Karel Mustmaa l\u00e4ks aastaks laenule Serbia k\u00f5rgliigaklubisse\u00a0FK Cukaricki. Mitu aastat Benfica s\u00fcsteemis m\u00e4nginud Karel&hellip;\n","protected":false},"author":2,"featured_media":266604,"comment_status":"","ping_status":"","sticky":false,"template":"","format":"standard","meta":{"footnotes":"","_share_on_mastodon":"0"},"categories":[18],"tags":[103379,37,33,35,34,36,6886,6892,7356,3822,159,158],"class_list":["post-266603","post","type-post","status-publish","format-standard","has-post-thumbnail","category-sport","tag-cukaricki","tag-ee","tag-eesti","tag-eesti-keel","tag-estonia","tag-estonian","tag-karel-mustmaa","tag-mustmaa","tag-paok","tag-serbia","tag-sport","tag-sports"],"share_on_mastodon":{"url":"https:\/\/pubeurope.com\/@ee\/117201367787885006","error":""},"_links":{"self":[{"href":"https:\/\/www.europesays.com\/ee\/wp-json\/wp\/v2\/posts\/266603","targetHints":{"allow":["GET"]}}],"collection":[{"href":"https:\/\/www.europesays.com\/ee\/wp-json\/wp\/v2\/posts"}],"about":[{"href":"https:\/\/www.europesays.com\/ee\/wp-json\/wp\/v2\/types\/post"}],"author":[{"embeddable":true,"href":"https:\/\/www.europesays.com\/ee\/wp-json\/wp\/v2\/users\/2"}],"replies":[{"embeddable":true,"href":"https:\/\/www.europesays.com\/ee\/wp-json\/wp\/v2\/comments?post=266603"}],"version-history":[{"count":0,"href":"https:\/\/www.europesays.com\/ee\/wp-json\/wp\/v2\/posts\/266603\/revisions"}],"wp:featuredmedia":[{"embeddable":true,"href":"https:\/\/www.europesays.com\/ee\/wp-json\/wp\/v2\/media\/266604"}],"wp:attachment":[{"href":"https:\/\/www.europesays.com\/ee\/wp-json\/wp\/v2\/media?parent=266603"}],"wp:term":[{"taxonomy":"category","embeddable":true,"href":"https:\/\/www.europesays.com\/ee\/wp-json\/wp\/v2\/categories?post=266603"},{"taxonomy":"post_tag","embeddable":true,"href":"https:\/\/www.europesays.com\/ee\/wp-json\/wp\/v2\/tags?post=266603"}],"curies":[{"name":"wp","href":"https:\/\/api.w.org\/{rel}","templated":true}]}}