{"id":266607,"date":"2026-09-02T12:09:25","date_gmt":"2026-09-02T12:09:25","guid":{"rendered":"https:\/\/www.europesays.com\/ee\/266607\/"},"modified":"2026-09-02T12:09:25","modified_gmt":"2026-09-02T12:09:25","slug":"videod-kiievis-toimus-tulevahetus-sbu-ja-kaitsejoudude-uhe-uksuse-liikmete-vahel","status":"publish","type":"post","link":"https:\/\/www.europesays.com\/ee\/266607\/","title":{"rendered":"VIDEOD | Kiievis toimus tulevahetus SBU ja \u201ekaitsej\u00f5udude \u00fche \u00fcksuse\u201c liikmete vahel"},"content":{"rendered":"<p>SBU versiooni j\u00e4rgi r\u00fcndas grupp isikuid Kiievis toimunud l\u00e4biotsimise ajal relvastatult SBU operatiivjuurdlusgruppi.<\/p>\n<p>SBU teatas, et need isikud p\u00fc\u00fcdsid juurdlustoiminguid segada ja blokeerisid autodega SBU t\u00f6\u00f6tajate l\u00e4bip\u00e4\u00e4su.<\/p>\n<p>\u201eR\u00fcnnaku t\u00f5kestamiseks ja protsessuaalsetest toimingutest osav\u00f5tjate julgeoleku tagamiseks kaasati SBU erioperatsioonide keskuse Alfa eri\u00fcksus. Relvastatud vastupanu t\u00f5kestamiseks kasutasid korrakaitsjad relvi,\u201c teatas SBU.<\/p>\n<p>Vastupanu osutajate hulgas on SBU teatel haavatuid. R\u00fcndajad peeti kinni.<\/p>\n<p>Tehti kindlaks, et kinnipeetud kuuluvad Ukraina kaitsej\u00f5udude \u00fchte \u00fcksusse. Neilt konfiskeeriti relvad ja dokumendid, teatas SBU.<\/p>\n<p>Ukraina peaprokuratuur teatas, et alustati kohtueelset juurdlust \u00f5iguskaitseorgani t\u00f6\u00f6taja \u00e4hvardamise ja tema elu kallale kippumise kohta.<\/p>\n<p>Varem teatas SBU, et hoidis koos Ukraina kaitseministeeriumi luure peavalitsusega (<a rel=\"noopener nofollow\" target=\"_blank\" href=\"https:\/\/www.delfi.ee\/teema\/96859155\/hur\" data-rel-date-range=\"[]\">HUR<\/a>) \u00e4ra terroriakti Ukrainasse saabunud <a rel=\"noopener nofollow\" target=\"_blank\" href=\"https:\/\/www.delfi.ee\/teema\/96853388\/vene-opositsioon\" data-rel-date-range=\"[]\">Vene opositsiooniliidri<\/a> vastu.<\/p>\n<p>\u201eSBU hoidis koos HUR-iga \u00e4ra terroriakti, mida Vene F\u00f6deratsiooni <a rel=\"noopener nofollow\" target=\"_blank\" href=\"https:\/\/www.delfi.ee\/teema\/56450460\/fsb\" tag-id=\"56450460\">FSB<\/a> valmistas ette <a rel=\"noopener nofollow\" target=\"_blank\" href=\"https:\/\/www.delfi.ee\/teema\/3\/venemaa\" tag-id=\"3\">Venemaa<\/a> opositsioonilise poliitilise rahvusliku liikumise \u00fche juhi vastu, kes saabus Ukrainasse meie riigi iseseisvusp\u00e4eva puhul. Operatiiv- ja juurdlustoimingud j\u00e4tkuvad,\u201c teatas SBU, vahendab Ukrajinska Pravda.<\/p>\n<p>Muid \u00fcksikasju ei avaldatud.<\/p>\n<p>Sotsiaalmeediasse ilmus t\u00e4na hommikul informatsioon v\u00e4idetavast tulevahetusest, mille korraldasid HUR ja SBU <a rel=\"noopener nofollow\" target=\"_blank\" href=\"https:\/\/www.delfi.ee\/teema\/29718775\/kiiev\" tag-id=\"29718775\">Kiievi<\/a> Dnipro rajoonis ja mis oli kuidagi seotud HUR-i all\u00fcksuse Vene Vabatahtliku Korpuse komand\u00f6ri aset\u00e4itja lahingutegevuse alal Stepan Kaplunovi kadumisega.<\/p>\n<p>Kaplunovi advokaat Tarass Borovsk\u00f5i avaldas s\u00fcndmuskohalt video ja teatas, et Kaplunovi koju tulid korrakaitsjad, p\u00e4rast mida saabusid kohale tema teenistuskaaslased ja k\u00f5lasid lasud.<\/p>\n<p>Ukrajinska Pravda allikad teatasid kolmest haavatust HUR-i ridades.<\/p>\n<p>Hiljem teatas Ukrajinska Pravda, et politsei sulges vastasseisu toimumiskohas t\u00e4nava. Politseinikud \u00fctlesid reporterile, et toimub politsei erioperatsioon.<\/p>\n<p>Kuidas see lugu Sind end tundma pani?Saada<a href=\"https:\/\/www.delfi.ee\/artikkel\/120607780\/ukraina-julgeolekuteenistus-teatas-fsb-vene-opositsionaari-vastase-runnaku-arahoidmisest\/kommentaarid\" class=\"button button--primary button--size-auto article-body-bottom__comment article-body-bottom__comment--write\" style=\"\" rel=\"nofollow noopener\" target=\"_blank\">Kommenteeri<\/a><a href=\"https:\/\/www.delfi.ee\/artikkel\/120607780\/ukraina-julgeolekuteenistus-teatas-fsb-vene-opositsionaari-vastase-runnaku-arahoidmisest\/kommentaarid\" class=\"button button--size-auto article-body-bottom__comment article-body-bottom__comment--read\" style=\"\" rel=\"nofollow noopener\" target=\"_blank\">Loe kommentaare <\/a><\/p>\n","protected":false},"excerpt":{"rendered":"SBU versiooni j\u00e4rgi r\u00fcndas grupp isikuid Kiievis toimunud l\u00e4biotsimise ajal relvastatult SBU operatiivjuurdlusgruppi. SBU teatas, et need isikud&hellip;\n","protected":false},"author":2,"featured_media":266608,"comment_status":"","ping_status":"","sticky":false,"template":"","format":"standard","meta":{"footnotes":"","_share_on_mastodon":"0"},"categories":[80],"tags":[26,27,37,33,35,34,36,31,32,9251,21,1908,1208,28,29,95,19,25,7551,23,24,262,22,20,46310,96,30,92,93,94],"class_list":["post-266607","post","type-post","status-publish","format-standard","has-post-thumbnail","category-maailm","tag-breaking-news","tag-breakingnews","tag-ee","tag-eesti","tag-eesti-keel","tag-estonia","tag-estonian","tag-featured-news","tag-featurednews","tag-fsb","tag-headlines","tag-hur","tag-kiiev","tag-latest-news","tag-latestnews","tag-maailm","tag-news","tag-populaarseimad-lood","tag-sbu","tag-top-stories","tag-topstories","tag-ukraina","tag-uldised-uudised","tag-uudised","tag-vene-opositsioon","tag-venemaa","tag-viimased-uudised","tag-world","tag-world-news","tag-worldnews"],"share_on_mastodon":{"url":"https:\/\/pubeurope.com\/@ee\/117201375539913146","error":""},"_links":{"self":[{"href":"https:\/\/www.europesays.com\/ee\/wp-json\/wp\/v2\/posts\/266607","targetHints":{"allow":["GET"]}}],"collection":[{"href":"https:\/\/www.europesays.com\/ee\/wp-json\/wp\/v2\/posts"}],"about":[{"href":"https:\/\/www.europesays.com\/ee\/wp-json\/wp\/v2\/types\/post"}],"author":[{"embeddable":true,"href":"https:\/\/www.europesays.com\/ee\/wp-json\/wp\/v2\/users\/2"}],"replies":[{"embeddable":true,"href":"https:\/\/www.europesays.com\/ee\/wp-json\/wp\/v2\/comments?post=266607"}],"version-history":[{"count":0,"href":"https:\/\/www.europesays.com\/ee\/wp-json\/wp\/v2\/posts\/266607\/revisions"}],"wp:featuredmedia":[{"embeddable":true,"href":"https:\/\/www.europesays.com\/ee\/wp-json\/wp\/v2\/media\/266608"}],"wp:attachment":[{"href":"https:\/\/www.europesays.com\/ee\/wp-json\/wp\/v2\/media?parent=266607"}],"wp:term":[{"taxonomy":"category","embeddable":true,"href":"https:\/\/www.europesays.com\/ee\/wp-json\/wp\/v2\/categories?post=266607"},{"taxonomy":"post_tag","embeddable":true,"href":"https:\/\/www.europesays.com\/ee\/wp-json\/wp\/v2\/tags?post=266607"}],"curies":[{"name":"wp","href":"https:\/\/api.w.org\/{rel}","templated":true}]}}