{"id":266609,"date":"2026-09-02T12:10:19","date_gmt":"2026-09-02T12:10:19","guid":{"rendered":"https:\/\/www.europesays.com\/ee\/266609\/"},"modified":"2026-09-02T12:10:19","modified_gmt":"2026-09-02T12:10:19","slug":"foto-%e2%9f%a9-tallinna-vangla-teenistuskoer-hammustas-kulastusel-viibinud-3-aastast-last-vabanduseks-anti-pakk-kummikomme","status":"publish","type":"post","link":"https:\/\/www.europesays.com\/ee\/266609\/","title":{"rendered":"FOTO \u27e9 Tallinna vangla teenistuskoer hammustas k\u00fclastusel viibinud 3-aastast last: vabanduseks anti pakk kummikomme"},"content":{"rendered":"<p>Tallinna vanglasse l\u00e4hedast k\u00fclastama l\u00e4inud pere p\u00e4ev v\u00f5ttis ehmatava p\u00f6\u00f6rde, kui teenistuskoer hammustas ema s\u00fcles olevat kolmeaastast last jalast, nii et sinna j\u00e4id hammustusj\u00e4ljed. Ema n\u00f5uab vanglalt 3500 euro suurust kahjuraha. Tallinna vangla kinnitab, et v\u00f5tab juhtunut v\u00e4ga t\u00f5siselt ja on alustanud juhtumi asjaolude uurimist.<\/p>\n<p>27. augustil Tallinna vanglasse l\u00e4hedast k\u00fclastama l\u00e4inud ema ja tema kolmeaastane laps sattusid ehmatavasse olukorda.<\/p>\n","protected":false},"excerpt":{"rendered":"Tallinna vanglasse l\u00e4hedast k\u00fclastama l\u00e4inud pere p\u00e4ev v\u00f5ttis ehmatava p\u00f6\u00f6rde, kui teenistuskoer hammustas ema s\u00fcles olevat kolmeaastast last&hellip;\n","protected":false},"author":2,"featured_media":266610,"comment_status":"","ping_status":"","sticky":false,"template":"","format":"standard","meta":{"footnotes":"","_share_on_mastodon":"0"},"categories":[12],"tags":[26,27,37,33,35,137,152,153,151,34,36,31,32,148,21,154,142,28,29,143,140,144,19,141,146,25,147,145,138,150,155,139,23,24,22,20,149,30],"class_list":["post-266609","post","type-post","status-publish","format-standard","has-post-thumbnail","category-eesti","tag-breaking-news","tag-breakingnews","tag-ee","tag-eesti","tag-eesti-keel","tag-elu","tag-elu-24","tag-elu24-ee","tag-erna-husko","tag-estonia","tag-estonian","tag-featured-news","tag-featurednews","tag-foto","tag-headlines","tag-koroonaviirus","tag-kuulsus","tag-latest-news","tag-latestnews","tag-live","tag-meelelahutus","tag-muusika","tag-news","tag-pidu","tag-pommuudis","tag-populaarseimad-lood","tag-reality","tag-saade","tag-saagim","tag-seks","tag-silvia-ilves","tag-staar","tag-top-stories","tag-topstories","tag-uldised-uudised","tag-uudised","tag-video","tag-viimased-uudised"],"share_on_mastodon":{"url":"","error":"Validation failed: Text character limit of 500 exceeded"},"_links":{"self":[{"href":"https:\/\/www.europesays.com\/ee\/wp-json\/wp\/v2\/posts\/266609","targetHints":{"allow":["GET"]}}],"collection":[{"href":"https:\/\/www.europesays.com\/ee\/wp-json\/wp\/v2\/posts"}],"about":[{"href":"https:\/\/www.europesays.com\/ee\/wp-json\/wp\/v2\/types\/post"}],"author":[{"embeddable":true,"href":"https:\/\/www.europesays.com\/ee\/wp-json\/wp\/v2\/users\/2"}],"replies":[{"embeddable":true,"href":"https:\/\/www.europesays.com\/ee\/wp-json\/wp\/v2\/comments?post=266609"}],"version-history":[{"count":0,"href":"https:\/\/www.europesays.com\/ee\/wp-json\/wp\/v2\/posts\/266609\/revisions"}],"wp:featuredmedia":[{"embeddable":true,"href":"https:\/\/www.europesays.com\/ee\/wp-json\/wp\/v2\/media\/266610"}],"wp:attachment":[{"href":"https:\/\/www.europesays.com\/ee\/wp-json\/wp\/v2\/media?parent=266609"}],"wp:term":[{"taxonomy":"category","embeddable":true,"href":"https:\/\/www.europesays.com\/ee\/wp-json\/wp\/v2\/categories?post=266609"},{"taxonomy":"post_tag","embeddable":true,"href":"https:\/\/www.europesays.com\/ee\/wp-json\/wp\/v2\/tags?post=266609"}],"curies":[{"name":"wp","href":"https:\/\/api.w.org\/{rel}","templated":true}]}}