{"id":266621,"date":"2026-09-02T12:28:20","date_gmt":"2026-09-02T12:28:20","guid":{"rendered":"https:\/\/www.europesays.com\/ee\/266621\/"},"modified":"2026-09-02T12:28:20","modified_gmt":"2026-09-02T12:28:20","slug":"festivali-eel-kultuurifestival-sarin-toob-valguslaengu-pimedamaks-ajaks","status":"publish","type":"post","link":"https:\/\/www.europesays.com\/ee\/266621\/","title":{"rendered":"Festivali eel: kultuurifestival \u201eS\u00e4rin\u201d toob valguslaengu pimedamaks ajaks"},"content":{"rendered":"<p>Kreta Liis Reino<\/p>\n<p>Septembri ehk mihklikuu alguses, kui s\u00fcgiseh\u00f5ng laotab end vaikselt \u00fcle maa ning p\u00e4evaring j\u00e4\u00e4b j\u00e4rjest l\u00fchemaks, \u00e4rkab Rapla t\u00e4navatel ja kultuuriklubi Baas \u00fcmbruses ellu oodatud elevus. 11.\u201312. septembril t\u00e4idab linna meluga taas kultuurifestival \u201eS\u00e4rin\u201d, mis p\u00f5imib kaheks p\u00e4evaks kokku muusika, teatri, filmi, kirjanduse ja kunsti.<\/p>\n<p>Vahetult enne \u00fcheteistk\u00fcmnenda kultuurifestivali \u201eS\u00e4rin\u201d algust kirjeldab s\u00fcndmuse peakorraldaja Maili Metssalu valdavaid tundeid kui kirjut s\u00fcgisest kompotti, kus igal maitsel on oma m\u00f5nus koht. \u201eSeal on igasuguseid variatsioone \u2013 m\u00f5ned natuke hapumad kohad ja m\u00f5ned v\u00e4ga magusad, kuid eks see ole nii iga festivaliga,\u201c avab Metssalu korralduselu tagamaid. Selle k\u00f5ige taustal valdab aga suur ja soe r\u00f5\u00f5m p\u00fchendunud inimeste \u00fcle.<\/p>\n","protected":false},"excerpt":{"rendered":"Kreta Liis Reino Septembri ehk mihklikuu alguses, kui s\u00fcgiseh\u00f5ng laotab end vaikselt \u00fcle maa ning p\u00e4evaring j\u00e4\u00e4b j\u00e4rjest&hellip;\n","protected":false},"author":2,"featured_media":266622,"comment_status":"","ping_status":"","sticky":false,"template":"","format":"standard","meta":{"footnotes":"","_share_on_mastodon":"0"},"categories":[16],"tags":[37,33,35,173,34,36,103380,140,103381],"class_list":["post-266621","post","type-post","status-publish","format-standard","has-post-thumbnail","category-meelelahutus","tag-ee","tag-eesti","tag-eesti-keel","tag-entertainment","tag-estonia","tag-estonian","tag-kultuurifestival-sarin","tag-meelelahutus","tag-sarin"],"share_on_mastodon":{"url":"https:\/\/pubeurope.com\/@ee\/117201450044568885","error":""},"_links":{"self":[{"href":"https:\/\/www.europesays.com\/ee\/wp-json\/wp\/v2\/posts\/266621","targetHints":{"allow":["GET"]}}],"collection":[{"href":"https:\/\/www.europesays.com\/ee\/wp-json\/wp\/v2\/posts"}],"about":[{"href":"https:\/\/www.europesays.com\/ee\/wp-json\/wp\/v2\/types\/post"}],"author":[{"embeddable":true,"href":"https:\/\/www.europesays.com\/ee\/wp-json\/wp\/v2\/users\/2"}],"replies":[{"embeddable":true,"href":"https:\/\/www.europesays.com\/ee\/wp-json\/wp\/v2\/comments?post=266621"}],"version-history":[{"count":0,"href":"https:\/\/www.europesays.com\/ee\/wp-json\/wp\/v2\/posts\/266621\/revisions"}],"wp:featuredmedia":[{"embeddable":true,"href":"https:\/\/www.europesays.com\/ee\/wp-json\/wp\/v2\/media\/266622"}],"wp:attachment":[{"href":"https:\/\/www.europesays.com\/ee\/wp-json\/wp\/v2\/media?parent=266621"}],"wp:term":[{"taxonomy":"category","embeddable":true,"href":"https:\/\/www.europesays.com\/ee\/wp-json\/wp\/v2\/categories?post=266621"},{"taxonomy":"post_tag","embeddable":true,"href":"https:\/\/www.europesays.com\/ee\/wp-json\/wp\/v2\/tags?post=266621"}],"curies":[{"name":"wp","href":"https:\/\/api.w.org\/{rel}","templated":true}]}}