{"id":266625,"date":"2026-09-02T12:33:10","date_gmt":"2026-09-02T12:33:10","guid":{"rendered":"https:\/\/www.europesays.com\/ee\/266625\/"},"modified":"2026-09-02T12:33:10","modified_gmt":"2026-09-02T12:33:10","slug":"fotod-teenistuskoer-hammustas-tallinna-vanglas-vaikelast-jalast-vangla-votame-juhtunut-vaga-tosiselt","status":"publish","type":"post","link":"https:\/\/www.europesays.com\/ee\/266625\/","title":{"rendered":"FOTOD | Teenistuskoer hammustas Tallinna vanglas v\u00e4ikelast jalast. Vangla: v\u00f5tame juhtunut v\u00e4ga t\u00f5siselt"},"content":{"rendered":"<p>\u201eOlime l\u00e4inud vangla k\u00fclastusele. L\u00e4bisime p\u00e4\u00e4sla ning alla tunnelisse j\u00f5udes, kus tuleb k\u00f5igil inimestel v\u00f5tta ritta ja teenistuskoer nuusutab v\u00f5i siis kontrollib \u00fcle k\u00f5ik inimesed siis kui koer j\u00f5udis minu ja lapseni ta lihtsalt hammustas last jalast,\u201c kirjeldas v\u00e4ikelapse vanem. \u201eMinu laps ei kujutanud koerale mitte mingisugust ohtu. Laps oli tol hetkel minu s\u00fcles, kui ta teda jalast lihtsa hammustas.\u201c<\/p>\n","protected":false},"excerpt":{"rendered":"\u201eOlime l\u00e4inud vangla k\u00fclastusele. L\u00e4bisime p\u00e4\u00e4sla ning alla tunnelisse j\u00f5udes, kus tuleb k\u00f5igil inimestel v\u00f5tta ritta ja teenistuskoer&hellip;\n","protected":false},"author":2,"featured_media":266626,"comment_status":"","ping_status":"","sticky":false,"template":"","format":"standard","meta":{"footnotes":"","_share_on_mastodon":"0"},"categories":[12],"tags":[687,679,667,26,27,673,688,663,662,37,33,35,684,683,692,34,36,31,32,208,148,21,206,668,669,381,686,677,694,691,339,680,28,29,671,672,377,690,144,678,665,19,693,676,666,25,322,664,150,695,685,159,394,682,674,675,23,24,689,222,22,20,670,681,149,30],"class_list":["post-266625","post","type-post","status-publish","format-standard","has-post-thumbnail","category-eesti","tag-ajaviide","tag-autoleht","tag-blog","tag-breaking-news","tag-breakingnews","tag-cv","tag-date","tag-defli","tag-delfi","tag-ee","tag-eesti","tag-eesti-keel","tag-ekaart","tag-email","tag-erootika","tag-estonia","tag-estonian","tag-featured-news","tag-featurednews","tag-film","tag-foto","tag-headlines","tag-horoskoop","tag-ilm","tag-ilmaennustus","tag-internet","tag-kaart","tag-kava","tag-kindlustus","tag-kinnisvara","tag-kuulutused","tag-lasteleht","tag-latest-news","tag-latestnews","tag-loto","tag-majandus","tag-mangud","tag-mobiil","tag-muusika","tag-naisteleht","tag-naljad","tag-news","tag-otsing","tag-pank","tag-pilt","tag-populaarseimad-lood","tag-raadio","tag-reklaam","tag-seks","tag-sms","tag-solo","tag-sport","tag-tarkvara","tag-tasuta","tag-too","tag-toopakkumised","tag-top-stories","tag-topstories","tag-tutvus","tag-tv","tag-uldised-uudised","tag-uudised","tag-valimised","tag-valuuta","tag-video","tag-viimased-uudised"],"share_on_mastodon":{"url":"","error":"Validation failed: Text character limit of 500 exceeded"},"_links":{"self":[{"href":"https:\/\/www.europesays.com\/ee\/wp-json\/wp\/v2\/posts\/266625","targetHints":{"allow":["GET"]}}],"collection":[{"href":"https:\/\/www.europesays.com\/ee\/wp-json\/wp\/v2\/posts"}],"about":[{"href":"https:\/\/www.europesays.com\/ee\/wp-json\/wp\/v2\/types\/post"}],"author":[{"embeddable":true,"href":"https:\/\/www.europesays.com\/ee\/wp-json\/wp\/v2\/users\/2"}],"replies":[{"embeddable":true,"href":"https:\/\/www.europesays.com\/ee\/wp-json\/wp\/v2\/comments?post=266625"}],"version-history":[{"count":0,"href":"https:\/\/www.europesays.com\/ee\/wp-json\/wp\/v2\/posts\/266625\/revisions"}],"wp:featuredmedia":[{"embeddable":true,"href":"https:\/\/www.europesays.com\/ee\/wp-json\/wp\/v2\/media\/266626"}],"wp:attachment":[{"href":"https:\/\/www.europesays.com\/ee\/wp-json\/wp\/v2\/media?parent=266625"}],"wp:term":[{"taxonomy":"category","embeddable":true,"href":"https:\/\/www.europesays.com\/ee\/wp-json\/wp\/v2\/categories?post=266625"},{"taxonomy":"post_tag","embeddable":true,"href":"https:\/\/www.europesays.com\/ee\/wp-json\/wp\/v2\/tags?post=266625"}],"curies":[{"name":"wp","href":"https:\/\/api.w.org\/{rel}","templated":true}]}}