{"id":266637,"date":"2026-09-02T12:45:14","date_gmt":"2026-09-02T12:45:14","guid":{"rendered":"https:\/\/www.europesays.com\/ee\/266637\/"},"modified":"2026-09-02T12:45:14","modified_gmt":"2026-09-02T12:45:14","slug":"jurgen-ligi-mursuskandaalist-minister-ei-saa-hankeid-juhtida-ega-nende-eest-sisuliselt-vastutada","status":"publish","type":"post","link":"https:\/\/www.europesays.com\/ee\/266637\/","title":{"rendered":"J\u00fcrgen Ligi m\u00fcrsuskandaalist: minister ei saa hankeid juhtida ega nende eest sisuliselt vastutada"},"content":{"rendered":"<p>Ligi s\u00f5nul on hanked \u00fcks asi, millest minister peab eemale hoidma. \u201eSeal varem v\u00f5i hiljem plahvatab igal juhul, kas k\u00e4ivitavad s\u00fctiku kaotanud konkurendid v\u00f5i ei saa pakkuja ise hakkama,\u201c m\u00e4rkis ta \u00fchismeedias. <\/p>\n<p>Tema s\u00f5nul loodigi just selleks ka Kaitseressursside amet, et kaitsepoliitika ja tehniliste asjade vahel oleks barj\u00e4\u00e4r. \u201eSelle p\u00e4rast on tagatud ka protsessi kaitstus poliitikute suva ja sekkumise eest regulatsioonidega,\u201c kirjutas ta. <\/p>\n<p>Ligi t\u00f5i v\u00e4lja, et kaitseministril on k\u00fcll vaja olukorra tekkimise eest vastutada, aga see on tema enda otsus, kuidas. \u201eEi ole teiste praalida,\u201c m\u00e4rkis ta. \u201eMina hoian Hannole p\u00f6ialt, sest miinid plahvatavadki.\u201c<\/p>\n<p>Rahandusministri s\u00f5nul ei saa minister hankeid juhtida ega nende eest sisuliselt vastutada. \u201eEi tohigi, sekkumine oleks korruptsioon. Vastutuse formaalsust tuleb praegu teadvustada.\u201c <\/p>\n<p>Samuti toob Ligi v\u00e4lja, kuidas tuleb arvestada sellega, et oleme m\u00fcrskude ning l\u00f5hkeaine leidmisel olnud \u00fcle maailma v\u00f5idujooksus Venemaaga. \u201ePirtsutamise ruumi pole olnud. M\u00fcrsud, l\u00f5hkeaine olid kohe 2022. plahvatanud defitsiit ja seda tuleb kah teadvustada,\u201c lisas ta. <\/p>\n<p>Kuidas see lugu Sind end tundma pani?Saada<a href=\"https:\/\/www.delfi.ee\/artikkel\/120607859\/jurgen-ligi-mursuskandaalist-minister-ei-saa-hankeid-juhtida-ega-nende-eest-sisuliselt-vastutada\/kommentaarid\" class=\"button button--primary button--size-auto article-body-bottom__comment article-body-bottom__comment--write\" style=\"\" rel=\"nofollow noopener\" target=\"_blank\">Kommenteeri<\/a><a href=\"https:\/\/www.delfi.ee\/artikkel\/120607859\/jurgen-ligi-mursuskandaalist-minister-ei-saa-hankeid-juhtida-ega-nende-eest-sisuliselt-vastutada\/kommentaarid\" class=\"button button--size-auto article-body-bottom__comment article-body-bottom__comment--read\" style=\"\" rel=\"nofollow noopener\" target=\"_blank\">Loe kommentaare (233)<\/a><\/p>\n","protected":false},"excerpt":{"rendered":"Ligi s\u00f5nul on hanked \u00fcks asi, millest minister peab eemale hoidma. \u201eSeal varem v\u00f5i hiljem plahvatab igal juhul,&hellip;\n","protected":false},"author":2,"featured_media":266638,"comment_status":"","ping_status":"","sticky":false,"template":"","format":"standard","meta":{"footnotes":"","_share_on_mastodon":"0"},"categories":[5],"tags":[19193,26,27,37,33,35,34,36,31,32,492,21,746,1152,28,29,19,25,643,8012,23,24,22,20,30],"class_list":["post-266637","post","type-post","status-publish","format-standard","has-post-thumbnail","category-uldised-uudised","tag-audit","tag-breaking-news","tag-breakingnews","tag-ee","tag-eesti","tag-eesti-keel","tag-estonia","tag-estonian","tag-featured-news","tag-featurednews","tag-hanno-pevkur","tag-headlines","tag-jurgen-ligi","tag-kaitseministeerium","tag-latest-news","tag-latestnews","tag-news","tag-populaarseimad-lood","tag-reformierakond","tag-riigikontroll","tag-top-stories","tag-topstories","tag-uldised-uudised","tag-uudised","tag-viimased-uudised"],"share_on_mastodon":{"url":"https:\/\/pubeurope.com\/@ee\/117201517015660142","error":""},"_links":{"self":[{"href":"https:\/\/www.europesays.com\/ee\/wp-json\/wp\/v2\/posts\/266637","targetHints":{"allow":["GET"]}}],"collection":[{"href":"https:\/\/www.europesays.com\/ee\/wp-json\/wp\/v2\/posts"}],"about":[{"href":"https:\/\/www.europesays.com\/ee\/wp-json\/wp\/v2\/types\/post"}],"author":[{"embeddable":true,"href":"https:\/\/www.europesays.com\/ee\/wp-json\/wp\/v2\/users\/2"}],"replies":[{"embeddable":true,"href":"https:\/\/www.europesays.com\/ee\/wp-json\/wp\/v2\/comments?post=266637"}],"version-history":[{"count":0,"href":"https:\/\/www.europesays.com\/ee\/wp-json\/wp\/v2\/posts\/266637\/revisions"}],"wp:featuredmedia":[{"embeddable":true,"href":"https:\/\/www.europesays.com\/ee\/wp-json\/wp\/v2\/media\/266638"}],"wp:attachment":[{"href":"https:\/\/www.europesays.com\/ee\/wp-json\/wp\/v2\/media?parent=266637"}],"wp:term":[{"taxonomy":"category","embeddable":true,"href":"https:\/\/www.europesays.com\/ee\/wp-json\/wp\/v2\/categories?post=266637"},{"taxonomy":"post_tag","embeddable":true,"href":"https:\/\/www.europesays.com\/ee\/wp-json\/wp\/v2\/tags?post=266637"}],"curies":[{"name":"wp","href":"https:\/\/api.w.org\/{rel}","templated":true}]}}