{"id":266641,"date":"2026-09-02T12:55:14","date_gmt":"2026-09-02T12:55:14","guid":{"rendered":"https:\/\/www.europesays.com\/ee\/266641\/"},"modified":"2026-09-02T12:55:14","modified_gmt":"2026-09-02T12:55:14","slug":"ulle-madise-riigikogus-%e2%9f%a9-vaikeriik-ei-ole-kunagi-tuupprojekt-see-on-alati-ratsepatoo","status":"publish","type":"post","link":"https:\/\/www.europesays.com\/ee\/266641\/","title":{"rendered":"\u00dcLLE MADISE RIIGIKOGUS \u27e9 V\u00e4ikeriik ei ole kunagi t\u00fc\u00fcpprojekt. See on alati r\u00e4tsepat\u00f6\u00f6"},"content":{"rendered":"<p>Presidendikandidaat \u00dclle Madise riigikogus peetud k\u00f5ne seab Eesti tuleviku keskmesse usalduse \u2013 selle olemasolu ja puudumise.<\/p>\n<p>Kuidas j\u00f5uda olukorrani, kus iga inimene tunneb, et tema panus loeb ja et riik ei kirjuta ette, kuidas elada, vaid loob v\u00f5imalused? \u00dclle Madise pakub sellele oma vastuse ning seob selle nii hariduse, julgeoleku kui ka poliitilise vastutusega.<\/p>\n","protected":false},"excerpt":{"rendered":"Presidendikandidaat \u00dclle Madise riigikogus peetud k\u00f5ne seab Eesti tuleviku keskmesse usalduse \u2013 selle olemasolu ja puudumise. Kuidas j\u00f5uda&hellip;\n","protected":false},"author":2,"featured_media":266642,"comment_status":"","ping_status":"","sticky":false,"template":"","format":"standard","meta":{"footnotes":"","_share_on_mastodon":"0"},"categories":[12],"tags":[2188,26,27,37,33,26925,35,34,36,31,32,406,21,28,29,19,7709,25,18841,54128,23,24,22,3457,6751,20,4155,30],"class_list":["post-266641","post","type-post","status-publish","format-standard","has-post-thumbnail","category-eesti","tag-aliis-aalmann","tag-breaking-news","tag-breakingnews","tag-ee","tag-eesti","tag-eesti-julgeolek","tag-eesti-keel","tag-estonia","tag-estonian","tag-featured-news","tag-featurednews","tag-haridus","tag-headlines","tag-latest-news","tag-latestnews","tag-news","tag-opetaja","tag-populaarseimad-lood","tag-presidendivalimised","tag-teodor-van-dijk","tag-top-stories","tag-topstories","tag-uldised-uudised","tag-ulle-madise","tag-usaldus","tag-uudised","tag-vaikeriik","tag-viimased-uudised"],"share_on_mastodon":{"url":"https:\/\/pubeurope.com\/@ee\/117201556418694733","error":""},"_links":{"self":[{"href":"https:\/\/www.europesays.com\/ee\/wp-json\/wp\/v2\/posts\/266641","targetHints":{"allow":["GET"]}}],"collection":[{"href":"https:\/\/www.europesays.com\/ee\/wp-json\/wp\/v2\/posts"}],"about":[{"href":"https:\/\/www.europesays.com\/ee\/wp-json\/wp\/v2\/types\/post"}],"author":[{"embeddable":true,"href":"https:\/\/www.europesays.com\/ee\/wp-json\/wp\/v2\/users\/2"}],"replies":[{"embeddable":true,"href":"https:\/\/www.europesays.com\/ee\/wp-json\/wp\/v2\/comments?post=266641"}],"version-history":[{"count":0,"href":"https:\/\/www.europesays.com\/ee\/wp-json\/wp\/v2\/posts\/266641\/revisions"}],"wp:featuredmedia":[{"embeddable":true,"href":"https:\/\/www.europesays.com\/ee\/wp-json\/wp\/v2\/media\/266642"}],"wp:attachment":[{"href":"https:\/\/www.europesays.com\/ee\/wp-json\/wp\/v2\/media?parent=266641"}],"wp:term":[{"taxonomy":"category","embeddable":true,"href":"https:\/\/www.europesays.com\/ee\/wp-json\/wp\/v2\/categories?post=266641"},{"taxonomy":"post_tag","embeddable":true,"href":"https:\/\/www.europesays.com\/ee\/wp-json\/wp\/v2\/tags?post=266641"}],"curies":[{"name":"wp","href":"https:\/\/api.w.org\/{rel}","templated":true}]}}