{"id":266653,"date":"2026-09-02T13:07:26","date_gmt":"2026-09-02T13:07:26","guid":{"rendered":"https:\/\/www.europesays.com\/ee\/266653\/"},"modified":"2026-09-02T13:07:26","modified_gmt":"2026-09-02T13:07:26","slug":"president-karis-soidab-kuningas-harald-v-matustele","status":"publish","type":"post","link":"https:\/\/www.europesays.com\/ee\/266653\/","title":{"rendered":"President Karis s\u00f5idab kuningas Harald V matustele"},"content":{"rendered":"<p>Norra kuningas Harald V, kes suri 28. augustil 89-aastasena, saadetakse viimsele teekonnale j\u00e4rgmisel kolmap\u00e4eval, 9. septembril. Kuningakoja teatel toimub matusetalitus Oslo toomkirikus kell 13 ja selle viib l\u00e4bi Norra kiriku juhtiv piiskop Olav Fykse Tveit. Tseremoonial osalevad ka Oslo piiskop Sunniva Gylver, toomkiriku kantor Marcus Andr\u00e9 Berg ning Oslo toomkiriku koor.<\/p>\n<p>Presidendi kantselei kinnitas, et ka Eesti riigijuht Alar Karis on j\u00e4rgmisel n\u00e4dalal Oslosse s\u00f5itmas. T\u00e4psemad detailid tema reisi kohta selguvad j\u00e4rgmise n\u00e4dala alguseks. <\/p>\n<p>Sel s\u00fcgisel l\u00f5pule j\u00f5udva ametiaja jooksul on president Karis koos oma abikaasa Sirjega v\u00e4isanud mitut riiklikku matust. 2022. aasta s\u00fcgisel olid nad k\u00fclalisteks kuninganna Elizabeth II matustel ning pool aastat hiljem olid nad kutsutud kuningas Charles III kroonimisele. Samuti v\u00e4isasid nad 2025. aasta aprillis paavst Franciscuse matusteid.<\/p>\n<p>Kuidas see lugu Sind end tundma pani?Saada<a href=\"https:\/\/kroonika.delfi.ee\/artikkel\/120607808\/president-karis-soidab-kuningas-harald-v-matustele\/kommentaarid\" class=\"button button--primary button--size-auto article-body-bottom__comment article-body-bottom__comment--write\" style=\"\" rel=\"nofollow noopener\" target=\"_blank\">Kommenteeri<\/a><a href=\"https:\/\/kroonika.delfi.ee\/artikkel\/120607808\/president-karis-soidab-kuningas-harald-v-matustele\/kommentaarid\" class=\"button button--size-auto article-body-bottom__comment article-body-bottom__comment--read\" style=\"\" rel=\"nofollow noopener\" target=\"_blank\">Loe kommentaare (10)<\/a><\/p>\n","protected":false},"excerpt":{"rendered":"Norra kuningas Harald V, kes suri 28. augustil 89-aastasena, saadetakse viimsele teekonnale j\u00e4rgmisel kolmap\u00e4eval, 9. septembril. Kuningakoja teatel&hellip;\n","protected":false},"author":2,"featured_media":266654,"comment_status":"","ping_status":"","sticky":false,"template":"","format":"standard","meta":{"footnotes":"","_share_on_mastodon":"0"},"categories":[5],"tags":[1687,26,27,37,33,35,34,36,31,32,15687,21,28,29,19,35038,25,23,24,22,20,30],"class_list":["post-266653","post","type-post","status-publish","format-standard","has-post-thumbnail","category-uldised-uudised","tag-alar-karis","tag-breaking-news","tag-breakingnews","tag-ee","tag-eesti","tag-eesti-keel","tag-estonia","tag-estonian","tag-featured-news","tag-featurednews","tag-harald-v","tag-headlines","tag-latest-news","tag-latestnews","tag-news","tag-norra-kuningakoda","tag-populaarseimad-lood","tag-top-stories","tag-topstories","tag-uldised-uudised","tag-uudised","tag-viimased-uudised"],"share_on_mastodon":{"url":"https:\/\/pubeurope.com\/@ee\/117201603493623747","error":""},"_links":{"self":[{"href":"https:\/\/www.europesays.com\/ee\/wp-json\/wp\/v2\/posts\/266653","targetHints":{"allow":["GET"]}}],"collection":[{"href":"https:\/\/www.europesays.com\/ee\/wp-json\/wp\/v2\/posts"}],"about":[{"href":"https:\/\/www.europesays.com\/ee\/wp-json\/wp\/v2\/types\/post"}],"author":[{"embeddable":true,"href":"https:\/\/www.europesays.com\/ee\/wp-json\/wp\/v2\/users\/2"}],"replies":[{"embeddable":true,"href":"https:\/\/www.europesays.com\/ee\/wp-json\/wp\/v2\/comments?post=266653"}],"version-history":[{"count":0,"href":"https:\/\/www.europesays.com\/ee\/wp-json\/wp\/v2\/posts\/266653\/revisions"}],"wp:featuredmedia":[{"embeddable":true,"href":"https:\/\/www.europesays.com\/ee\/wp-json\/wp\/v2\/media\/266654"}],"wp:attachment":[{"href":"https:\/\/www.europesays.com\/ee\/wp-json\/wp\/v2\/media?parent=266653"}],"wp:term":[{"taxonomy":"category","embeddable":true,"href":"https:\/\/www.europesays.com\/ee\/wp-json\/wp\/v2\/categories?post=266653"},{"taxonomy":"post_tag","embeddable":true,"href":"https:\/\/www.europesays.com\/ee\/wp-json\/wp\/v2\/tags?post=266653"}],"curies":[{"name":"wp","href":"https:\/\/api.w.org\/{rel}","templated":true}]}}