{"id":266655,"date":"2026-09-02T13:13:16","date_gmt":"2026-09-02T13:13:16","guid":{"rendered":"https:\/\/www.europesays.com\/ee\/266655\/"},"modified":"2026-09-02T13:13:16","modified_gmt":"2026-09-02T13:13:16","slug":"prints-harry-ja-meghani-laste-voimalike-koolikaaslaste-vanemad-said-karmi-hoiatuse","status":"publish","type":"post","link":"https:\/\/www.europesays.com\/ee\/266655\/","title":{"rendered":"Prints Harry ja Meghani laste v\u00f5imalike koolikaaslaste vanemad said karmi hoiatuse"},"content":{"rendered":"<p>Prints Harry ja Meghan Markle pole j\u00f5udnud Inglismaal veel \u00f5ieti kohvreidki lahti pakkida, kui nende tagasitulek juba kohalikele omajagu peavalu valmistab. N\u00fc\u00fcd on t\u00e4helepanu keskpunktis paari lapsed Archie ja Lilibet, kelle koolitee t\u00e4hendab, et v\u00e4hemalt \u00fches piirkonna erakoolis peeti vajalikuks lapsevanematele meelde tuletada t\u00e4htsat reeglit.<\/p>\n","protected":false},"excerpt":{"rendered":"Prints Harry ja Meghan Markle pole j\u00f5udnud Inglismaal veel \u00f5ieti kohvreidki lahti pakkida, kui nende tagasitulek juba kohalikele&hellip;\n","protected":false},"author":2,"featured_media":266656,"comment_status":"","ping_status":"","sticky":false,"template":"","format":"standard","meta":{"footnotes":"","_share_on_mastodon":"0"},"categories":[16],"tags":[88848,1007,2677,71117,37,33,35,173,48368,34,36,1101,3365,103389,88849,103387,140,2214,1400,1004,103388,5442],"class_list":["post-266655","post","type-post","status-publish","format-standard","has-post-thumbnail","category-meelelahutus","tag-archie-mountbatten-windsor","tag-catherine","tag-charles-iii","tag-cotswolds","tag-ee","tag-eesti","tag-eesti-keel","tag-entertainment","tag-erakool","tag-estonia","tag-estonian","tag-inglismaa","tag-kolimine","tag-laste-privaatsus","tag-lilibet-mountbatten-windsor","tag-meediatahelepanu","tag-meelelahutus","tag-meghan-markle","tag-prints-harry","tag-prints-william","tag-suurbritannia-kuninglik-perekond","tag-walesi-printsess"],"share_on_mastodon":{"url":"https:\/\/pubeurope.com\/@ee\/117201627267086612","error":""},"_links":{"self":[{"href":"https:\/\/www.europesays.com\/ee\/wp-json\/wp\/v2\/posts\/266655","targetHints":{"allow":["GET"]}}],"collection":[{"href":"https:\/\/www.europesays.com\/ee\/wp-json\/wp\/v2\/posts"}],"about":[{"href":"https:\/\/www.europesays.com\/ee\/wp-json\/wp\/v2\/types\/post"}],"author":[{"embeddable":true,"href":"https:\/\/www.europesays.com\/ee\/wp-json\/wp\/v2\/users\/2"}],"replies":[{"embeddable":true,"href":"https:\/\/www.europesays.com\/ee\/wp-json\/wp\/v2\/comments?post=266655"}],"version-history":[{"count":0,"href":"https:\/\/www.europesays.com\/ee\/wp-json\/wp\/v2\/posts\/266655\/revisions"}],"wp:featuredmedia":[{"embeddable":true,"href":"https:\/\/www.europesays.com\/ee\/wp-json\/wp\/v2\/media\/266656"}],"wp:attachment":[{"href":"https:\/\/www.europesays.com\/ee\/wp-json\/wp\/v2\/media?parent=266655"}],"wp:term":[{"taxonomy":"category","embeddable":true,"href":"https:\/\/www.europesays.com\/ee\/wp-json\/wp\/v2\/categories?post=266655"},{"taxonomy":"post_tag","embeddable":true,"href":"https:\/\/www.europesays.com\/ee\/wp-json\/wp\/v2\/tags?post=266655"}],"curies":[{"name":"wp","href":"https:\/\/api.w.org\/{rel}","templated":true}]}}