{"id":266677,"date":"2026-09-02T13:29:25","date_gmt":"2026-09-02T13:29:25","guid":{"rendered":"https:\/\/www.europesays.com\/ee\/266677\/"},"modified":"2026-09-02T13:29:25","modified_gmt":"2026-09-02T13:29:25","slug":"tiitliheitluses-pajari-lahemale-lasknud-evans-olin-liiga-ettevaatlik-2","status":"publish","type":"post","link":"https:\/\/www.europesays.com\/ee\/266677\/","title":{"rendered":"Tiitliheitluses Pajari l\u00e4hemale lasknud Evans: olin liiga ettevaatlik"},"content":{"rendered":"<p>T\u00e4navu selgelt taset t\u00f5stnud Pajari avas v\u00f5iduarve Delfi Rally Estonial ning v\u00f5itis seej\u00e4rel ka Soome ja Paraguay etapid. Evansi saldo viimaselt kolmelt rallilt on kuues, kolmas ja neljas koht.<\/p>\n<p>M\u00f6\u00f6dunud n\u00e4dalal toimunud <a rel=\"noopener nofollow\" target=\"_blank\" href=\"https:\/\/www.delfi.ee\/teema\/96879283\/paraguay-ralli\" tag-id=\"96879283\">Paraguay rallil<\/a> haaras Evans reedel kuuenda katsega ise esikoha, kuid j\u00e4rgmise katse rehvijamad kukutasid waleslase kolmandaks. Omakorda liidriks t\u00f5usnud Pajarist lahutas teda 56 sekundit.<\/p>\n<p>Evansi selja taga oli sama kaugel Hyundai s\u00f5itja <a rel=\"noopener nofollow\" target=\"_blank\" href=\"https:\/\/www.delfi.ee\/teema\/93850915\/adrien-fourmaux\" tag-id=\"93850915\">Adrien Fourmaux<\/a>. Laup\u00e4evast alates k\u00f5vasti surunud prantslane tegigi Evansi vastu vahe tagasi ning haaras l\u00f5puks kolmanda koha endale. <\/p>\n<p>\u201eSee ei olnud loomulikult ideaalne n\u00e4dalavahetus,\u201c tunnistas Evans v\u00f5istluse j\u00e4rel, vahendas Rallit.fi. \u201eReede algas h\u00e4sti, aga meil polnud rehviloteriis \u00f5nne. Sellega tulid esikolmikus suurimad vahed sisse.\u201c<\/p>\n<p>\u201eLisaks j\u00e4i meil v\u00f5itluses Adrieniga tempost puudu. Ta tegi v\u00e4ga tugeva n\u00e4dalavahetuse. Loomulikult olen hetkel pettunud,\u201c t\u00f5des Toyota s\u00f5itja.<\/p>\n<p>Kolmanda koha heitlusele tagasi vaadates lausus Evans, et oli laup\u00e4eval liiga ettevaatlik. \u201eP\u00e4rast k\u00f5iki reedeseid s\u00fcndmusi ja lugematuid rehvipurunemisi arvasime, et ettevaatlik l\u00e4henemine on rehvimure v\u00e4ltimiseks parim. Laup\u00e4evased tingimused polnud aga nii karmid. Seega l\u00f5puks meie l\u00e4henemine ei l\u00f5ppenud eriti h\u00e4sti,\u201c m\u00f6\u00f6nis ta.<\/p>\n<p>Tiitliheitluses on Evansil koos 216 ja Pajaril 196 punkti. Nende tiimikaaslane Oliver Solberg kaotab Evansile 41 punktiga.<\/p>\n<p>Kuidas see lugu Sind end tundma pani?Saada<a href=\"https:\/\/sport.delfi.ee\/artikkel\/120607748\/tiitliheitluses-pajari-lahemale-lasknud-evans-olin-liiga-ettevaatlik\/kommentaarid\" class=\"button button--primary button--size-auto article-body-bottom__comment article-body-bottom__comment--write\" style=\"\" rel=\"nofollow noopener\" target=\"_blank\">Kommenteeri<\/a><a href=\"https:\/\/sport.delfi.ee\/artikkel\/120607748\/tiitliheitluses-pajari-lahemale-lasknud-evans-olin-liiga-ettevaatlik\/kommentaarid\" class=\"button button--size-auto article-body-bottom__comment article-body-bottom__comment--read\" style=\"\" rel=\"nofollow noopener\" target=\"_blank\">Loe kommentaare (1)<\/a><\/p>\n","protected":false},"excerpt":{"rendered":"T\u00e4navu selgelt taset t\u00f5stnud Pajari avas v\u00f5iduarve Delfi Rally Estonial ning v\u00f5itis seej\u00e4rel ka Soome ja Paraguay etapid.&hellip;\n","protected":false},"author":2,"featured_media":266678,"comment_status":"","ping_status":"","sticky":false,"template":"","format":"standard","meta":{"footnotes":"","_share_on_mastodon":"0"},"categories":[5],"tags":[1692,26,27,37,33,35,3307,34,36,31,32,21,28,29,19,96671,25,6863,23,24,3181,2684,22,20,30],"class_list":["post-266677","post","type-post","status-publish","format-standard","has-post-thumbnail","category-uldised-uudised","tag-adrien-fourmaux","tag-breaking-news","tag-breakingnews","tag-ee","tag-eesti","tag-eesti-keel","tag-elfyn-evans","tag-estonia","tag-estonian","tag-featured-news","tag-featurednews","tag-headlines","tag-latest-news","tag-latestnews","tag-news","tag-paraguay-ralli","tag-populaarseimad-lood","tag-sami-pajari","tag-top-stories","tag-topstories","tag-toyota","tag-tsiili-ralli","tag-uldised-uudised","tag-uudised","tag-viimased-uudised"],"share_on_mastodon":{"url":"https:\/\/pubeurope.com\/@ee\/117201690060779082","error":""},"_links":{"self":[{"href":"https:\/\/www.europesays.com\/ee\/wp-json\/wp\/v2\/posts\/266677","targetHints":{"allow":["GET"]}}],"collection":[{"href":"https:\/\/www.europesays.com\/ee\/wp-json\/wp\/v2\/posts"}],"about":[{"href":"https:\/\/www.europesays.com\/ee\/wp-json\/wp\/v2\/types\/post"}],"author":[{"embeddable":true,"href":"https:\/\/www.europesays.com\/ee\/wp-json\/wp\/v2\/users\/2"}],"replies":[{"embeddable":true,"href":"https:\/\/www.europesays.com\/ee\/wp-json\/wp\/v2\/comments?post=266677"}],"version-history":[{"count":0,"href":"https:\/\/www.europesays.com\/ee\/wp-json\/wp\/v2\/posts\/266677\/revisions"}],"wp:featuredmedia":[{"embeddable":true,"href":"https:\/\/www.europesays.com\/ee\/wp-json\/wp\/v2\/media\/266678"}],"wp:attachment":[{"href":"https:\/\/www.europesays.com\/ee\/wp-json\/wp\/v2\/media?parent=266677"}],"wp:term":[{"taxonomy":"category","embeddable":true,"href":"https:\/\/www.europesays.com\/ee\/wp-json\/wp\/v2\/categories?post=266677"},{"taxonomy":"post_tag","embeddable":true,"href":"https:\/\/www.europesays.com\/ee\/wp-json\/wp\/v2\/tags?post=266677"}],"curies":[{"name":"wp","href":"https:\/\/api.w.org\/{rel}","templated":true}]}}