{"id":266687,"date":"2026-09-02T13:39:08","date_gmt":"2026-09-02T13:39:08","guid":{"rendered":"https:\/\/www.europesays.com\/ee\/266687\/"},"modified":"2026-09-02T13:39:08","modified_gmt":"2026-09-02T13:39:08","slug":"praegused-juhid-end-kaitsevaldkonnas-ilmnenud-segaduses-vastutavaks-ei-pea-err","status":"publish","type":"post","link":"https:\/\/www.europesays.com\/ee\/266687\/","title":{"rendered":"Praegused juhid end kaitsevaldkonnas ilmnenud segaduses vastutavaks ei pea &#8211; ERR"},"content":{"rendered":"<ol>\n<li><a href=\"https:\/\/news.google.com\/rss\/articles\/CBMipwFBVV95cUxONlpkazR4ZkVSZGVJSmdscnZKMWcwVDBZZ1JWYTZsdXZ0cVZicUxNdGZaSVRmcnJDRkhJTDAtdzVmSjRpTU1CV0hUd1pONXZRTE11cVBKdUNiLWpqNjc5UElKQTFvSzllbmdJd2UteGhCLXZxWWY5bC1FOGtjYUU2cFJjN05oekQ0aHBjc0VjY0hraDhPUHpKMmhzS1RLTm1VT0Y3bmJwQQ?oc=5\" target=\"_blank\" rel=\"nofollow noopener\">Praegused juhid end kaitsevaldkonnas ilmnenud segaduses vastutavaks ei pea<\/a>&nbsp;&nbsp;ERR<\/li>\n<li><a href=\"https:\/\/news.google.com\/rss\/articles\/CBMi0gFBVV95cUxNU0pON1BNWkVDSkRIeWpyNFBIYUxsdUtUcjFqRzI3OEczak5KTV9ndjBlUUgxdVpHYmE5UUtHU3kxbWRVaWEtUVFXQUMwQ2ZfX0xJeUtkLVVBcHZLX05CdGs5a1FORHg3Y1RiWkd0UVhNVWpzSGRWc3B2bThjNmxUU3Foc3JUbngwREo2Q1FRMThFTzdGNlcxam1EQWRUQWp0ZVRHMVdVelRncEhYRWdGU3JabmNsX3Y1TDgtZ043cUtKMF96NENIM1pzcXVxTWdBaHc?oc=5\" target=\"_blank\" rel=\"nofollow noopener\">J\u00fcrgen Ligi m\u00fcrsuskandaalist: minister ei saa hankeid juhtida ega nende eest sisuliselt vastutada<\/a>&nbsp;&nbsp;delfi.ee<\/li>\n<li><a href=\"https:\/\/news.google.com\/rss\/articles\/CBMixwFBVV95cUxOTjdCNlJXcEdTYktSWllnVVpXZkRpc0xGdnBIZWc1dXdLTTNqSnpnMG5nVkZkdlpRTF9HT2RCSG1kaHQxWUxVc050cGdrMVNkZkZWa3o1dGw1emdCLXFLYnJVclRmWFEzVEN5SE9rdWxaLXhGLUZ2elFYYVE0NUk1WG1VdkctQUs3aXZMVmVDM3ZvNnJ6cXlnSWNYS1ZLYUxZTTA3dVV4U3M3ajNpX2V3Z2FwTDhrR01nclNQYk0tSDVMQlVtdmFz?oc=5\" target=\"_blank\" rel=\"nofollow noopener\">Eesti Ekspress: Eesti maksis 70 miljonit eurot ettemaksu firmale, kes polnud \u00fchtegi m\u00fcrsku tootnud<\/a>&nbsp;&nbsp;ohtuleht.ee<\/li>\n<li><a href=\"https:\/\/news.google.com\/rss\/articles\/CBMitwFBVV95cUxPQXo4OFRidlRnMlVTSjFJYUQ5bXg0cFhlV1VNS3lYUExTQXQwaWNwZDh6dGlKODdxNnpJazFCLTBJQTg1cjFHQTRmSlZrSUlmZHNWWHlOQXFBSTVMaWlXVjNFSk1sTFJNOWw4Q0c4SVFtM2lIckFldTY3U3ZfbjU1MFNfU0hhbGVvcHQzQUlJSDE3MV9TNDdtNDN5b2FxaGE2Wkx6NTlybjFNb0RJQXV6N1pPYnhnZTA?oc=5\" target=\"_blank\" rel=\"nofollow noopener\">Eesti maksis 70 miljonit ettemaksu firmale, kes polnud \u00fchtegi m\u00fcrsku m\u00fc\u00fcnud<\/a>&nbsp;&nbsp;\u00c4rip\u00e4ev<\/li>\n<li><a href=\"https:\/\/news.google.com\/rss\/articles\/CBMimwFBVV95cUxQeWZzOXIxUHg0VjdXcUxWa3VQMFk2Yk5qTGY2WlJJZkliSWdSZXJfX3BWSVVDYnlpb2JvdVE4VWtsSm91bHRlWEpoS2YzZzc1Q0V4S2d3N0pzS1U1a0lyYmFpbjRTWm5xb3hrN3Rqd0cwOUg1UzVENm55WmFHMVVENDhWYkR1SzBwdDllREs3Q0g2d3g5Q3pkUVYwMA?oc=5\" target=\"_blank\" rel=\"nofollow noopener\">Kaitsevaldkonna juhid n\u00e4itavad n\u00e4puga eelmiste vastutajate suunas<\/a>&nbsp;&nbsp;ERR<\/li>\n<\/ol>\n","protected":false},"excerpt":{"rendered":"Praegused juhid end kaitsevaldkonnas ilmnenud segaduses vastutavaks ei pea&nbsp;&nbsp;ERR J\u00fcrgen Ligi m\u00fcrsuskandaalist: minister ei saa hankeid juhtida ega&hellip;\n","protected":false},"author":2,"featured_media":266688,"comment_status":"","ping_status":"","sticky":false,"template":"","format":"standard","meta":{"footnotes":"","_share_on_mastodon":"0"},"categories":[12],"tags":[71,26,27,37,33,35,34,36,31,32,21,28,29,19,999,25,23,24,22,20,1084,30],"class_list":["post-266687","post","type-post","status-publish","format-standard","has-post-thumbnail","category-eesti","tag-arvamus","tag-breaking-news","tag-breakingnews","tag-ee","tag-eesti","tag-eesti-keel","tag-estonia","tag-estonian","tag-featured-news","tag-featurednews","tag-headlines","tag-latest-news","tag-latestnews","tag-news","tag-poliitika","tag-populaarseimad-lood","tag-top-stories","tag-topstories","tag-uldised-uudised","tag-uudised","tag-valismaa","tag-viimased-uudised"],"share_on_mastodon":{"url":"https:\/\/pubeurope.com\/@ee\/117201729295832839","error":""},"_links":{"self":[{"href":"https:\/\/www.europesays.com\/ee\/wp-json\/wp\/v2\/posts\/266687","targetHints":{"allow":["GET"]}}],"collection":[{"href":"https:\/\/www.europesays.com\/ee\/wp-json\/wp\/v2\/posts"}],"about":[{"href":"https:\/\/www.europesays.com\/ee\/wp-json\/wp\/v2\/types\/post"}],"author":[{"embeddable":true,"href":"https:\/\/www.europesays.com\/ee\/wp-json\/wp\/v2\/users\/2"}],"replies":[{"embeddable":true,"href":"https:\/\/www.europesays.com\/ee\/wp-json\/wp\/v2\/comments?post=266687"}],"version-history":[{"count":0,"href":"https:\/\/www.europesays.com\/ee\/wp-json\/wp\/v2\/posts\/266687\/revisions"}],"wp:featuredmedia":[{"embeddable":true,"href":"https:\/\/www.europesays.com\/ee\/wp-json\/wp\/v2\/media\/266688"}],"wp:attachment":[{"href":"https:\/\/www.europesays.com\/ee\/wp-json\/wp\/v2\/media?parent=266687"}],"wp:term":[{"taxonomy":"category","embeddable":true,"href":"https:\/\/www.europesays.com\/ee\/wp-json\/wp\/v2\/categories?post=266687"},{"taxonomy":"post_tag","embeddable":true,"href":"https:\/\/www.europesays.com\/ee\/wp-json\/wp\/v2\/tags?post=266687"}],"curies":[{"name":"wp","href":"https:\/\/api.w.org\/{rel}","templated":true}]}}