{"id":266689,"date":"2026-09-02T13:40:08","date_gmt":"2026-09-02T13:40:08","guid":{"rendered":"https:\/\/www.europesays.com\/ee\/266689\/"},"modified":"2026-09-02T13:40:08","modified_gmt":"2026-09-02T13:40:08","slug":"mart-raudsaar-%e2%9f%a9-ulle-madise-pannakse-kohe-proovile-presidendina-tuleb-veenda-ka-riiki-inimeste-poole-poorama","status":"publish","type":"post","link":"https:\/\/www.europesays.com\/ee\/266689\/","title":{"rendered":"MART RAUDSAAR \u27e9 \u00dclle Madise pannakse kohe proovile. Presidendina tuleb veenda ka riiki inimeste poole p\u00f6\u00f6rama"},"content":{"rendered":"<p class=\"MsoNormal\">Valimisstuudiotes nimetasid mitmed riigikogu liikmed Madiset tugevaks kandidaadiks, sest ta on osalenud \u00f5iguskantslerina aastaid valitsuse kabinetiistungitel ning teab, kuidas poliitikat tehakse. See tugevus v\u00f5ib osutuda n\u00f5rkuseks. Parafraseerides Lennart Meri omaaegset \u00fctlemist, on meie riik inimestest lahku kasvanud ning Madise on n\u00e4inud seda k\u00f5rvalt. Ma ei tea, kui palju ta on \u00fcritanud seda tasakaalustada, ent nii-\u00f6elda rahva \u00fchendajana on n\u00fc\u00fcd Madisel ka roll veenda riiki p\u00f6\u00f6rama end senisest rohkem n\u00e4oga inimeste poole.<\/p>\n","protected":false},"excerpt":{"rendered":"Valimisstuudiotes nimetasid mitmed riigikogu liikmed Madiset tugevaks kandidaadiks, sest ta on osalenud \u00f5iguskantslerina aastaid valitsuse kabinetiistungitel ning teab,&hellip;\n","protected":false},"author":2,"featured_media":266690,"comment_status":"","ping_status":"","sticky":false,"template":"","format":"standard","meta":{"footnotes":"","_share_on_mastodon":"0"},"categories":[5],"tags":[26,27,37,33,35,34,36,31,32,21,9826,28,29,19,3458,3579,25,103394,640,23,24,124,22,3457,20,96,30],"class_list":["post-266689","post","type-post","status-publish","format-standard","has-post-thumbnail","category-uldised-uudised","tag-breaking-news","tag-breakingnews","tag-ee","tag-eesti","tag-eesti-keel","tag-estonia","tag-estonian","tag-featured-news","tag-featurednews","tag-headlines","tag-kadriorg","tag-latest-news","tag-latestnews","tag-news","tag-oiguskantsler","tag-pohiseadus","tag-populaarseimad-lood","tag-presidendiamet","tag-riigikogu","tag-top-stories","tag-topstories","tag-ukraina-soda","tag-uldised-uudised","tag-ulle-madise","tag-uudised","tag-venemaa","tag-viimased-uudised"],"share_on_mastodon":{"url":"https:\/\/pubeurope.com\/@ee\/117201733070768370","error":""},"_links":{"self":[{"href":"https:\/\/www.europesays.com\/ee\/wp-json\/wp\/v2\/posts\/266689","targetHints":{"allow":["GET"]}}],"collection":[{"href":"https:\/\/www.europesays.com\/ee\/wp-json\/wp\/v2\/posts"}],"about":[{"href":"https:\/\/www.europesays.com\/ee\/wp-json\/wp\/v2\/types\/post"}],"author":[{"embeddable":true,"href":"https:\/\/www.europesays.com\/ee\/wp-json\/wp\/v2\/users\/2"}],"replies":[{"embeddable":true,"href":"https:\/\/www.europesays.com\/ee\/wp-json\/wp\/v2\/comments?post=266689"}],"version-history":[{"count":0,"href":"https:\/\/www.europesays.com\/ee\/wp-json\/wp\/v2\/posts\/266689\/revisions"}],"wp:featuredmedia":[{"embeddable":true,"href":"https:\/\/www.europesays.com\/ee\/wp-json\/wp\/v2\/media\/266690"}],"wp:attachment":[{"href":"https:\/\/www.europesays.com\/ee\/wp-json\/wp\/v2\/media?parent=266689"}],"wp:term":[{"taxonomy":"category","embeddable":true,"href":"https:\/\/www.europesays.com\/ee\/wp-json\/wp\/v2\/categories?post=266689"},{"taxonomy":"post_tag","embeddable":true,"href":"https:\/\/www.europesays.com\/ee\/wp-json\/wp\/v2\/tags?post=266689"}],"curies":[{"name":"wp","href":"https:\/\/api.w.org\/{rel}","templated":true}]}}