{"id":266697,"date":"2026-09-02T13:49:08","date_gmt":"2026-09-02T13:49:08","guid":{"rendered":"https:\/\/www.europesays.com\/ee\/266697\/"},"modified":"2026-09-02T13:49:08","modified_gmt":"2026-09-02T13:49:08","slug":"saksamaa-tuvastas-kaks-leipzigi-droonirunnakuga-seotud-kahtlusalust-uhel-neist-on-lati-pass-maailm-postimees-ee","status":"publish","type":"post","link":"https:\/\/www.europesays.com\/ee\/266697\/","title":{"rendered":"Saksamaa tuvastas kaks Leipzigi droonir\u00fcnnakuga seotud kahtlusalust, \u00fchel neist on L\u00e4ti pass &#8211; Maailm &#8211; Postimees.ee"},"content":{"rendered":"<ol>\n<li><a href=\"https:\/\/news.google.com\/rss\/articles\/CBMixgFBVV95cUxNLVliZGIzWE9YN2JDMm1kQThiNlVJMnYtT3czLVQteTN1QmhxbXlUb2hIbnZ2RVNjOVZtUFZpcDNJM1dTUWd3emNVbF9aUWM1VW5CRWxUWE0yd2ZPdkNWUEJrNmQ2bHBfZTEtU1h5aFE3NDZBek1Ld3VDdTF6WWhiZlV1NmdXdmtvSmNKX0RjdjQ5VEJWM1p5MzNDMHlLc285SDdFcEQ3NzNjdE1qanZuYkozNzJnWEV4aVlFbi01Uld2emtuaGc?oc=5\" target=\"_blank\" rel=\"nofollow noopener\">Saksamaa tuvastas kaks Leipzigi droonir\u00fcnnakuga seotud kahtlusalust, \u00fchel neist on L\u00e4ti pass<\/a>&nbsp;&nbsp;Maailm &#8211; Postimees.ee<\/li>\n<li><a href=\"https:\/\/news.google.com\/rss\/articles\/CBMipAFBVV95cUxPRWdNUzZmZzNnUHl2OWhkb3ZpaEw4eEhMTEowd0FYWVpLYWdXMERvWTBmV09RUlFneVFiTUZWallzQThGcDJjR2s2YzctcjNIYlBDMV9UWGt6RTZhNWp4akZXUHdtRDV1QmdGZmtDODMzanJZbURtQmNEeTd3Ti0tb3VpYkVPUUMxaDc1MUQwVEh0QlktOFA5VDBBX3I0SE1sZHc0Sg?oc=5\" target=\"_blank\" rel=\"nofollow noopener\">Saksamaa s\u00fc\u00fcdistab Leipzigi lennujaama droonijuhtumis Venemaad<\/a>&nbsp;&nbsp;ERR<\/li>\n<li><a href=\"https:\/\/news.google.com\/rss\/articles\/CBMikgFBVV95cUxPUG9DdHN3eVpFTDJwclFUU2kzSlBBTlFfT3E2R0ZfS0FzbDZTQnE4dWdUNDMyUUlDNmtPME1Pa3dWSktFNXlnd0RSQWlIYTlJbE51cWZnUk5LQVlKbHJqTHk5RF85QXN4WWx0OUxWV3BaUjVvZ19rWFJ6UDJWdnNlR05FZ2hTWlBVOERQd3c1Mi02QQ?oc=5\" target=\"_blank\" rel=\"nofollow noopener\">NATO peasekret\u00e4r: tervitan Saksa vastumeetmeid Venemaa vastu<\/a>&nbsp;&nbsp;eestinen<\/li>\n<li><a href=\"https:\/\/news.google.com\/rss\/articles\/CBMipgFBVV95cUxNZXg0UnVRQ2dCaV9ySTlVZk1RZnR5cTB3cmtKNnRxaFdmSkNZb3NybFQ5cUt1X181WDhwVFdqelhpbEZKbzFqZzdQeUpzR1d2ZVlsUzEzTDlZZmZSUXc3OWZJOGpjYmhrTm1zaEZPZEJiZDREWGstVnJERnUtTmtNYXV1QlgwQmVzel9rVUcxQ1ZnMDJwdXNxeDN5ei0xdVE1TDNwQ3RR?oc=5\" target=\"_blank\" rel=\"nofollow noopener\">Siseminister Taro Saksamaal: Venemaa sigadused toovad kaasa t\u00f5sised tagaj\u00e4rjed<\/a>&nbsp;&nbsp;L\u00f5unaeestlane<\/li>\n<li><a href=\"https:\/\/news.google.com\/rss\/articles\/CBMinAFBVV95cUxOejBUNE5MTE5WejBBODZ6ejdVODg0NkYzXzh2bHVyMjhfRkNvcDJWbzl0cG5vRXZqUnJmYkNwcEpURmVxR1UzLS0yQkdRb2syUWtUcFl4bVNIdnQ3NUZoTzZ5WlpUN2NuS2tobzhGQnhUR0ZmOW45eHByZFRLWVFqSkxLZ2swSm1ZZU01SHlqVjhnMlE1QmZzTFRJcGk?oc=5\" target=\"_blank\" rel=\"nofollow noopener\">Saksamaa s\u00fc\u00fcdistab Venemaad droonir\u00fcnnakus Leipzigi lennujaamale<\/a>&nbsp;&nbsp;ohtuleht.ee<\/li>\n<\/ol>\n","protected":false},"excerpt":{"rendered":"Saksamaa tuvastas kaks Leipzigi droonir\u00fcnnakuga seotud kahtlusalust, \u00fchel neist on L\u00e4ti pass&nbsp;&nbsp;Maailm &#8211; Postimees.ee Saksamaa s\u00fc\u00fcdistab Leipzigi lennujaama&hellip;\n","protected":false},"author":2,"featured_media":266698,"comment_status":"","ping_status":"","sticky":false,"template":"","format":"standard","meta":{"footnotes":"","_share_on_mastodon":"0"},"categories":[80],"tags":[26,27,884,37,33,35,34,36,31,32,21,28,29,114,97823,95,19,25,51,23,24,103395,22,20,2170,96,100428,30,92,93,94],"class_list":["post-266697","post","type-post","status-publish","format-standard","has-post-thumbnail","category-maailm","tag-breaking-news","tag-breakingnews","tag-droonirunnak","tag-ee","tag-eesti","tag-eesti-keel","tag-estonia","tag-estonian","tag-featured-news","tag-featurednews","tag-headlines","tag-latest-news","tag-latestnews","tag-lati","tag-leipzigi-lennujaam","tag-maailm","tag-news","tag-populaarseimad-lood","tag-saksamaa","tag-top-stories","tag-topstories","tag-ukraina-sojalennuk","tag-uldised-uudised","tag-uudised","tag-valgevene","tag-venemaa","tag-venemaa-luureteenistus","tag-viimased-uudised","tag-world","tag-world-news","tag-worldnews"],"share_on_mastodon":{"url":"","error":"Validation failed: Text character limit of 500 exceeded"},"_links":{"self":[{"href":"https:\/\/www.europesays.com\/ee\/wp-json\/wp\/v2\/posts\/266697","targetHints":{"allow":["GET"]}}],"collection":[{"href":"https:\/\/www.europesays.com\/ee\/wp-json\/wp\/v2\/posts"}],"about":[{"href":"https:\/\/www.europesays.com\/ee\/wp-json\/wp\/v2\/types\/post"}],"author":[{"embeddable":true,"href":"https:\/\/www.europesays.com\/ee\/wp-json\/wp\/v2\/users\/2"}],"replies":[{"embeddable":true,"href":"https:\/\/www.europesays.com\/ee\/wp-json\/wp\/v2\/comments?post=266697"}],"version-history":[{"count":0,"href":"https:\/\/www.europesays.com\/ee\/wp-json\/wp\/v2\/posts\/266697\/revisions"}],"wp:featuredmedia":[{"embeddable":true,"href":"https:\/\/www.europesays.com\/ee\/wp-json\/wp\/v2\/media\/266698"}],"wp:attachment":[{"href":"https:\/\/www.europesays.com\/ee\/wp-json\/wp\/v2\/media?parent=266697"}],"wp:term":[{"taxonomy":"category","embeddable":true,"href":"https:\/\/www.europesays.com\/ee\/wp-json\/wp\/v2\/categories?post=266697"},{"taxonomy":"post_tag","embeddable":true,"href":"https:\/\/www.europesays.com\/ee\/wp-json\/wp\/v2\/tags?post=266697"}],"curies":[{"name":"wp","href":"https:\/\/api.w.org\/{rel}","templated":true}]}}