{"id":266709,"date":"2026-09-02T14:00:15","date_gmt":"2026-09-02T14:00:15","guid":{"rendered":"https:\/\/www.europesays.com\/ee\/266709\/"},"modified":"2026-09-02T14:00:15","modified_gmt":"2026-09-02T14:00:15","slug":"soome-rannakividelt-leiti-tundmatu-droon-uuritakse-voimalikku-piiririkkumist","status":"publish","type":"post","link":"https:\/\/www.europesays.com\/ee\/266709\/","title":{"rendered":"Soome rannakividelt leiti tundmatu droon. Uuritakse v\u00f5imalikku piiririkkumist"},"content":{"rendered":"<p>Eile teatas \u00fcks inimene <a rel=\"noopener nofollow\" target=\"_blank\" href=\"https:\/\/www.delfi.ee\/teema\/24330849\/porvoo\" tag-id=\"24330849\">Porvoo<\/a> l\u00e4hedal Pellinki saarestikus rannakividelt leitud tundmatust droonist. Piirivalve patrull l\u00e4ks kohale ja kinnitas leiu, vahendab Helsingin Sanomat.<\/p>\n<p>Soome kaitseministeeriumi esialgsetel andmetel on tegemist kaardistamiseks m\u00f5eldud drooniga, mis endast ohtu ei kujuta.<\/p>\n<p>\u201ePiirivalve ja politsei alustasid juhtumi uurimist,\u201c teatas Soome kaitseminister <a rel=\"noopener nofollow\" target=\"_blank\" href=\"https:\/\/www.delfi.ee\/teema\/96858357\/antti-hakkanen\" tag-id=\"96858357\">Antti H\u00e4kk\u00e4nen<\/a>.<\/p>\n<p>Piirivalve uurib muu hulgas drooni p\u00e4ritolu, selle v\u00f5imalikku lennuteekonda ja juhtumiga seotud asjaolusid. Praegu ei ole kindel, et tegemist oleks olnud piiririkkumisega.<\/p>\n<p>Kuidas see lugu Sind end tundma pani?Saada<a href=\"https:\/\/www.delfi.ee\/artikkel\/120607913\/soome-rannakividelt-leiti-tundmatu-droon-uuritakse-voimalikku-piiririkkumist\/kommentaarid\" class=\"button button--primary button--size-auto article-body-bottom__comment article-body-bottom__comment--write\" style=\"\" rel=\"nofollow noopener\" target=\"_blank\">Kommenteeri<\/a><a href=\"https:\/\/www.delfi.ee\/artikkel\/120607913\/soome-rannakividelt-leiti-tundmatu-droon-uuritakse-voimalikku-piiririkkumist\/kommentaarid\" class=\"button button--size-auto article-body-bottom__comment article-body-bottom__comment--read\" style=\"\" rel=\"nofollow noopener\" target=\"_blank\">Loe kommentaare <\/a><\/p>\n","protected":false},"excerpt":{"rendered":"Eile teatas \u00fcks inimene Porvoo l\u00e4hedal Pellinki saarestikus rannakividelt leitud tundmatust droonist. Piirivalve patrull l\u00e4ks kohale ja kinnitas&hellip;\n","protected":false},"author":2,"featured_media":266710,"comment_status":"","ping_status":"","sticky":false,"template":"","format":"standard","meta":{"footnotes":"","_share_on_mastodon":"0"},"categories":[80],"tags":[4208,26,27,1274,37,33,35,34,36,31,32,21,28,29,95,19,10243,25,10177,113,4342,23,24,22,20,30,92,93,94],"class_list":["post-266709","post","type-post","status-publish","format-standard","has-post-thumbnail","category-maailm","tag-antti-hakkanen","tag-breaking-news","tag-breakingnews","tag-droonid","tag-ee","tag-eesti","tag-eesti-keel","tag-estonia","tag-estonian","tag-featured-news","tag-featurednews","tag-headlines","tag-latest-news","tag-latestnews","tag-maailm","tag-news","tag-piiririkkumine","tag-populaarseimad-lood","tag-porvoo","tag-soome","tag-soome-laht","tag-top-stories","tag-topstories","tag-uldised-uudised","tag-uudised","tag-viimased-uudised","tag-world","tag-world-news","tag-worldnews"],"share_on_mastodon":{"url":"https:\/\/pubeurope.com\/@ee\/117201811979924164","error":""},"_links":{"self":[{"href":"https:\/\/www.europesays.com\/ee\/wp-json\/wp\/v2\/posts\/266709","targetHints":{"allow":["GET"]}}],"collection":[{"href":"https:\/\/www.europesays.com\/ee\/wp-json\/wp\/v2\/posts"}],"about":[{"href":"https:\/\/www.europesays.com\/ee\/wp-json\/wp\/v2\/types\/post"}],"author":[{"embeddable":true,"href":"https:\/\/www.europesays.com\/ee\/wp-json\/wp\/v2\/users\/2"}],"replies":[{"embeddable":true,"href":"https:\/\/www.europesays.com\/ee\/wp-json\/wp\/v2\/comments?post=266709"}],"version-history":[{"count":0,"href":"https:\/\/www.europesays.com\/ee\/wp-json\/wp\/v2\/posts\/266709\/revisions"}],"wp:featuredmedia":[{"embeddable":true,"href":"https:\/\/www.europesays.com\/ee\/wp-json\/wp\/v2\/media\/266710"}],"wp:attachment":[{"href":"https:\/\/www.europesays.com\/ee\/wp-json\/wp\/v2\/media?parent=266709"}],"wp:term":[{"taxonomy":"category","embeddable":true,"href":"https:\/\/www.europesays.com\/ee\/wp-json\/wp\/v2\/categories?post=266709"},{"taxonomy":"post_tag","embeddable":true,"href":"https:\/\/www.europesays.com\/ee\/wp-json\/wp\/v2\/tags?post=266709"}],"curies":[{"name":"wp","href":"https:\/\/api.w.org\/{rel}","templated":true}]}}