{"id":266725,"date":"2026-09-02T14:13:16","date_gmt":"2026-09-02T14:13:16","guid":{"rendered":"https:\/\/www.europesays.com\/ee\/266725\/"},"modified":"2026-09-02T14:13:16","modified_gmt":"2026-09-02T14:13:16","slug":"fotod-kohtust-%e2%9f%a9-eaka-naise-parand-viis-tunnustatud-sotsiaaltootaja-kohtu-ette-kristi-beljajev-end-suudi-ei-tunnista","status":"publish","type":"post","link":"https:\/\/www.europesays.com\/ee\/266725\/","title":{"rendered":"FOTOD KOHTUST \u27e9 Eaka naise p\u00e4rand viis tunnustatud sotsiaalt\u00f6\u00f6taja kohtu ette: Kristi Beljajev end s\u00fc\u00fcdi ei tunnista"},"content":{"rendered":"<p>Harju maakohtus algas kolmap\u00e4eval endise teeneka Haabersti sotsiaalt\u00f6\u00f6taja Kristi Beljajevi kohtuprotsess. Prokuratuur s\u00fc\u00fcdistab teda eaka \u00d5ie Tammsaare p\u00e4randiga seotud kelmuses ning dokumentide v\u00f5ltsimise ja v\u00f5ltsitud dokumendi kasutamisega seotud kuritegudes. Beljajev end s\u00fc\u00fcdi ei tunnistanud ning tema kaitsja s\u00f5nul ei ole s\u00fc\u00fcdistuse kesksete v\u00e4idete kohta otseseid t\u00f5endeid.<\/p>\n<p>Kristi Beljajev astus kolmap\u00e4eval Harju maakohtus kohtu ette kriminaalasjas, mille keskmes on 2022. aasta juulis surnud \u00d5ie Tammsaare vara ja tema nimele koostatud kodune testament.<\/p>\n","protected":false},"excerpt":{"rendered":"Harju maakohtus algas kolmap\u00e4eval endise teeneka Haabersti sotsiaalt\u00f6\u00f6taja Kristi Beljajevi kohtuprotsess. Prokuratuur s\u00fc\u00fcdistab teda eaka \u00d5ie Tammsaare p\u00e4randiga&hellip;\n","protected":false},"author":2,"featured_media":266726,"comment_status":"","ping_status":"","sticky":false,"template":"","format":"standard","meta":{"footnotes":"","_share_on_mastodon":"0"},"categories":[5],"tags":[26,27,37,33,35,137,152,153,151,34,36,31,32,148,21,154,142,28,29,143,140,144,19,141,146,25,147,145,138,150,155,139,23,24,22,20,149,30],"class_list":["post-266725","post","type-post","status-publish","format-standard","has-post-thumbnail","category-uldised-uudised","tag-breaking-news","tag-breakingnews","tag-ee","tag-eesti","tag-eesti-keel","tag-elu","tag-elu-24","tag-elu24-ee","tag-erna-husko","tag-estonia","tag-estonian","tag-featured-news","tag-featurednews","tag-foto","tag-headlines","tag-koroonaviirus","tag-kuulsus","tag-latest-news","tag-latestnews","tag-live","tag-meelelahutus","tag-muusika","tag-news","tag-pidu","tag-pommuudis","tag-populaarseimad-lood","tag-reality","tag-saade","tag-saagim","tag-seks","tag-silvia-ilves","tag-staar","tag-top-stories","tag-topstories","tag-uldised-uudised","tag-uudised","tag-video","tag-viimased-uudised"],"share_on_mastodon":{"url":"","error":"Validation failed: Text character limit of 500 exceeded"},"_links":{"self":[{"href":"https:\/\/www.europesays.com\/ee\/wp-json\/wp\/v2\/posts\/266725","targetHints":{"allow":["GET"]}}],"collection":[{"href":"https:\/\/www.europesays.com\/ee\/wp-json\/wp\/v2\/posts"}],"about":[{"href":"https:\/\/www.europesays.com\/ee\/wp-json\/wp\/v2\/types\/post"}],"author":[{"embeddable":true,"href":"https:\/\/www.europesays.com\/ee\/wp-json\/wp\/v2\/users\/2"}],"replies":[{"embeddable":true,"href":"https:\/\/www.europesays.com\/ee\/wp-json\/wp\/v2\/comments?post=266725"}],"version-history":[{"count":0,"href":"https:\/\/www.europesays.com\/ee\/wp-json\/wp\/v2\/posts\/266725\/revisions"}],"wp:featuredmedia":[{"embeddable":true,"href":"https:\/\/www.europesays.com\/ee\/wp-json\/wp\/v2\/media\/266726"}],"wp:attachment":[{"href":"https:\/\/www.europesays.com\/ee\/wp-json\/wp\/v2\/media?parent=266725"}],"wp:term":[{"taxonomy":"category","embeddable":true,"href":"https:\/\/www.europesays.com\/ee\/wp-json\/wp\/v2\/categories?post=266725"},{"taxonomy":"post_tag","embeddable":true,"href":"https:\/\/www.europesays.com\/ee\/wp-json\/wp\/v2\/tags?post=266725"}],"curies":[{"name":"wp","href":"https:\/\/api.w.org\/{rel}","templated":true}]}}