{"id":266737,"date":"2026-09-02T14:30:14","date_gmt":"2026-09-02T14:30:14","guid":{"rendered":"https:\/\/www.europesays.com\/ee\/266737\/"},"modified":"2026-09-02T14:30:14","modified_gmt":"2026-09-02T14:30:14","slug":"rita-ray-mu-looming-raagib-sellest-mida-ise-labi-olen-elanud-vikerraadio","status":"publish","type":"post","link":"https:\/\/www.europesays.com\/ee\/266737\/","title":{"rendered":"Rita Ray: mu looming r\u00e4\u00e4gib sellest, mida ise l\u00e4bi olen elanud | Vikerraadio"},"content":{"rendered":"<p>Lauljanna Rita Ray r\u00e4\u00e4kis Vikerraadios, et elu on teda korralikult erinevate lainete vahele visanud ja ta on pidanud ruttu t\u00e4iskasvanuks saama. Ray s\u00f5nul on ta n\u00fc\u00fcd aasta aega uue muusika loomise lainel olnud ja kirjutab muusikat sellest, mida ise on tundnud ja l\u00e4bi elanud, sest see on tema jaoks \u00f5ige viis muusikat teha.<\/p>\n<p>Viimasest plaadist on Rita Rayl neli aastat m\u00f6\u00f6das. &#8220;Nelja aastaga juhus nii m\u00f5nigi s\u00fcndmus, mis raskendas minu muusika tegemist, aga aasta aega olen n\u00fc\u00fcd v\u00e4ga aktiivselt muusika loomise lainel olnud, sest ma leidsin endale produtsendi. Otsisin endale h\u00e4sti pikalt produtsenti, kellega plaat teha, sest tahtsin proovida midagi uut.&#8221;<\/p>\n<p>Ray kirjutas enda s\u00f5nul \u00fchele Soome mehele, kelle produtseeritud lugusid ta oli juba ammu kuulanud. &#8220;Ta vastaski, saime kohe kokku ja koost\u00f6\u00f6 hakkaks pihta. N\u00fc\u00fcd aasta aega olemegi seda albumit teinud,&#8221; nentis Ray.<\/p>\n<p>&#8220;Tundsin 20 eluaastate keskpaigas, et ma olen v\u00e4hemalt 35-aastane,&#8221; s\u00f5nas Ray, kes sai hiljuti 30-aastaseks. &#8220;Lihtsalt mingeid asju juhtus, elu viskas korralikult erinevate lainete vahele ja ma pidin v\u00e4ga kiiresti t\u00e4iskasvanuks saama. Kui n\u00fc\u00fcd number kolm ette tuli, siis ma isegi ei m\u00f5elnud selle peale, et midagi on muutunud. Minu meelest on ikkagi privileeg vananeda,&#8221; muheles Ray.<\/p>\n<p>Muusika- ja linnafestivalil Station Narva astub Ray lavale koos Robert Linnaga. &#8220;Lood, mida seal esitame, on tohutult \u00e4gedad. Eesti muusika on lahe, seda tuleb esitada ja elus hoida.&#8221;<\/p>\n<p>Mida kauem muusik plaadi v\u00e4ljaandmisega venitab, seda rohkem Ray arvates talle paine peale tuleb. &#8220;Uue plaadi protsess on siiski olnud vahva. Varasematel albumitel on mul instrumentaalide osas olnud palju raskemaid hetki. K\u00f5ik p\u00f5hjad on meil n\u00fc\u00fcd salvestatud, l\u00e4ksime koos legendaarse Soome trummari Teppo M\u00e4kineniga stuudiosse ja ma olin esimesest hetkest v\u00f5lutud. Muusikutega on keeruline, eriti kui olla nii p\u00f5hjalik nagu mina olen. Mul on mingi visioon ees ja ma pean selle lihtsalt k\u00e4tte saama. Eestis on olnud mul k\u00fcll olukordi, kus ma tunnen, et ei tohiks enam edasi pingutada, muusik on v\u00f5ib-olla juba solvunud,&#8221; t\u00f5des lauljanna.<\/p>\n<p>&#8220;Olen kirjutanud sellest, mida olen ise tundnud. Ma teen seda, mida mu s\u00fcda \u00fctleb. Ma tunnen, et see on \u00f5ige viis muusikat teha,&#8221; t\u00f5i Ray v\u00e4lja.<\/p>\n","protected":false},"excerpt":{"rendered":"Lauljanna Rita Ray r\u00e4\u00e4kis Vikerraadios, et elu on teda korralikult erinevate lainete vahele visanud ja ta on pidanud&hellip;\n","protected":false},"author":2,"featured_media":266738,"comment_status":"","ping_status":"","sticky":false,"template":"","format":"standard","meta":{"footnotes":"","_share_on_mastodon":"0"},"categories":[16],"tags":[37,33,35,173,34,36,140,23438],"class_list":["post-266737","post","type-post","status-publish","format-standard","has-post-thumbnail","category-meelelahutus","tag-ee","tag-eesti","tag-eesti-keel","tag-entertainment","tag-estonia","tag-estonian","tag-meelelahutus","tag-rita-ray"],"share_on_mastodon":{"url":"https:\/\/pubeurope.com\/@ee\/117201929880833194","error":""},"_links":{"self":[{"href":"https:\/\/www.europesays.com\/ee\/wp-json\/wp\/v2\/posts\/266737","targetHints":{"allow":["GET"]}}],"collection":[{"href":"https:\/\/www.europesays.com\/ee\/wp-json\/wp\/v2\/posts"}],"about":[{"href":"https:\/\/www.europesays.com\/ee\/wp-json\/wp\/v2\/types\/post"}],"author":[{"embeddable":true,"href":"https:\/\/www.europesays.com\/ee\/wp-json\/wp\/v2\/users\/2"}],"replies":[{"embeddable":true,"href":"https:\/\/www.europesays.com\/ee\/wp-json\/wp\/v2\/comments?post=266737"}],"version-history":[{"count":0,"href":"https:\/\/www.europesays.com\/ee\/wp-json\/wp\/v2\/posts\/266737\/revisions"}],"wp:featuredmedia":[{"embeddable":true,"href":"https:\/\/www.europesays.com\/ee\/wp-json\/wp\/v2\/media\/266738"}],"wp:attachment":[{"href":"https:\/\/www.europesays.com\/ee\/wp-json\/wp\/v2\/media?parent=266737"}],"wp:term":[{"taxonomy":"category","embeddable":true,"href":"https:\/\/www.europesays.com\/ee\/wp-json\/wp\/v2\/categories?post=266737"},{"taxonomy":"post_tag","embeddable":true,"href":"https:\/\/www.europesays.com\/ee\/wp-json\/wp\/v2\/tags?post=266737"}],"curies":[{"name":"wp","href":"https:\/\/api.w.org\/{rel}","templated":true}]}}