{"id":266739,"date":"2026-09-02T14:31:14","date_gmt":"2026-09-02T14:31:14","guid":{"rendered":"https:\/\/www.europesays.com\/ee\/266739\/"},"modified":"2026-09-02T14:31:14","modified_gmt":"2026-09-02T14:31:14","slug":"naiste-jalgpallikoondis-peab-oktoobris-kaks-kontrollkohtumist-jalgpall","status":"publish","type":"post","link":"https:\/\/www.europesays.com\/ee\/266739\/","title":{"rendered":"Naiste jalgpallikoondis peab oktoobris kaks kontrollkohtumist | Jalgpall"},"content":{"rendered":"<p>Eesti naiste jalgpallikoondist ootavad oktoobris ees kaks s\u00f5pruskohtumist, kui kodus v\u00f5\u00f5rustatakse T\u0161ehhi U-23 koondist ning v\u00f5\u00f5rsil minnakse vastamisi Soome U-23-ga.<\/p>\n<p>Esimene kohtumine toimub reedel, 9. oktoobril kell 19 A. Le Coq Arenal, kui Eestile s\u00f5idab k\u00fclla T\u0161ehhi U-23 koondis, vahendab <a href=\"https:\/\/jalgpall.ee\/koondis\/7\/uudised\/eesti-naiste-koondis-peab-oktoobris-kaks-sopruskohtumist-n26340\" target=\"_blank\" rel=\"noopener nofollow\">jalgpalliliit<\/a>. Samad naiskonnad l\u00e4ksid vastamisi ka t\u00e4navu aprillis T\u0161ehhis, kui Eesti valmistus MM-valikm\u00e4ngudeks. Toonane kohtumine l\u00f5ppes v\u00f5\u00f5rustajate 4:0 v\u00f5iduga.<\/p>\n<p>Neli p\u00e4eva hiljem, 13. oktoobril kohtub Eesti naiste koondis v\u00f5\u00f5rsil Soome U-23 koondisega. Kohtumise algusaeg ja m\u00e4ngupaik on t\u00e4psustumisel.<\/p>\n<p>P\u00e4rast oktoobrikuised mitteametlikke maav\u00f5istlusi ootab Eesti naiste koondist aasta l\u00f5pus ees kodune Balti turniir. Poolfinaalides kohtuvad laup\u00e4eval, 28. novembril Eesti ja F\u00e4\u00e4ri saared ning L\u00e4ti ja Leedu. Finaal ja kolmanda koha kohtumine peetakse kolm p\u00e4eva hiljem, teisip\u00e4eval, 1. detsembril. T\u00e4pne m\u00e4ngupaik ja kohtumiste algusajad on selgumisel ning Eesti Jalgpalli Liit avalikustab info esimesel v\u00f5imalusel.<\/p>\n","protected":false},"excerpt":{"rendered":"Eesti naiste jalgpallikoondist ootavad oktoobris ees kaks s\u00f5pruskohtumist, kui kodus v\u00f5\u00f5rustatakse T\u0161ehhi U-23 koondist ning v\u00f5\u00f5rsil minnakse vastamisi&hellip;\n","protected":false},"author":2,"featured_media":266740,"comment_status":"","ping_status":"","sticky":false,"template":"","format":"standard","meta":{"footnotes":"","_share_on_mastodon":"0"},"categories":[18],"tags":[37,33,35,34,36,172,983,1513,2828,159,158,2826,2827,1442],"class_list":["post-266739","post","type-post","status-publish","format-standard","has-post-thumbnail","category-sport","tag-ee","tag-eesti","tag-eesti-keel","tag-estonia","tag-estonian","tag-jalgpall","tag-kergejoustik","tag-korvpall","tag-ralli","tag-sport","tag-sports","tag-talisport","tag-tennis","tag-vorkpall"],"share_on_mastodon":{"url":"https:\/\/pubeurope.com\/@ee\/117201933630057838","error":""},"_links":{"self":[{"href":"https:\/\/www.europesays.com\/ee\/wp-json\/wp\/v2\/posts\/266739","targetHints":{"allow":["GET"]}}],"collection":[{"href":"https:\/\/www.europesays.com\/ee\/wp-json\/wp\/v2\/posts"}],"about":[{"href":"https:\/\/www.europesays.com\/ee\/wp-json\/wp\/v2\/types\/post"}],"author":[{"embeddable":true,"href":"https:\/\/www.europesays.com\/ee\/wp-json\/wp\/v2\/users\/2"}],"replies":[{"embeddable":true,"href":"https:\/\/www.europesays.com\/ee\/wp-json\/wp\/v2\/comments?post=266739"}],"version-history":[{"count":0,"href":"https:\/\/www.europesays.com\/ee\/wp-json\/wp\/v2\/posts\/266739\/revisions"}],"wp:featuredmedia":[{"embeddable":true,"href":"https:\/\/www.europesays.com\/ee\/wp-json\/wp\/v2\/media\/266740"}],"wp:attachment":[{"href":"https:\/\/www.europesays.com\/ee\/wp-json\/wp\/v2\/media?parent=266739"}],"wp:term":[{"taxonomy":"category","embeddable":true,"href":"https:\/\/www.europesays.com\/ee\/wp-json\/wp\/v2\/categories?post=266739"},{"taxonomy":"post_tag","embeddable":true,"href":"https:\/\/www.europesays.com\/ee\/wp-json\/wp\/v2\/tags?post=266739"}],"curies":[{"name":"wp","href":"https:\/\/api.w.org\/{rel}","templated":true}]}}