{"id":266743,"date":"2026-09-02T14:33:17","date_gmt":"2026-09-02T14:33:17","guid":{"rendered":"https:\/\/www.europesays.com\/ee\/266743\/"},"modified":"2026-09-02T14:33:17","modified_gmt":"2026-09-02T14:33:17","slug":"video-skandaal-norras-poliitik-eiras-keeldu-ja-kukkus-kuninga-kirstu-pildistama-2","status":"publish","type":"post","link":"https:\/\/www.europesays.com\/ee\/266743\/","title":{"rendered":"VIDEO | Skandaal Norras. Poliitik eiras keeldu ja kukkus kuninga kirstu pildistama"},"content":{"rendered":"<p>Parlamendiliige June Gruer tegi hoolimata rangest pildistamiskeelust mitmeid fotosid nii kuningas Haraldi kirstust kui ka palee kabelist endast. Kabelist tehtud otse\u00fclekandest oli n\u00e4ha, kuidas poliitik proovis kolmel korral kabelit kas pildistada v\u00f5i filmida. Kui Gruer j\u00f5udis kirstu juurde, pani ta telefoni taskusse ja avaldas austust surnud kuningale.<\/p>\n<p>Gruer \u00fctles ajalehele Dagbladet, et ta ei olnud kabelisse sisenedes keelust teadlik. \u201eMind teavitati pildistamiskeelust p\u00e4rast rongk\u00e4iku. Ma ei teadnud sellest varem. Hiljem teavitasid mind sellest inimesed, kellega ma koos paleesse l\u00e4ksin,\u201c teatas ta kirjalikult saadetud s\u00f5numis. P\u00e4rast keelust teada saamist otsustas Gruer fotod oma telefonist kustutada.<\/p>\n<p>V\u00e4ljaande Nettaviseni andmetel on kabeli ees kaks suurt pildistamist keelavat silti. Ka kuningliku maja veebisaidil on pildistamiskeeld v\u00e4lja toodud. <\/p>\n<p>Gruer lisas meediaga r\u00e4\u00e4kides korra veel, et ta ei olnud fotoreeglitest aru saanud. \u201eOleksin pidanud seda ilmselgelt tegema ja mul on nii kahju, et see ununes. Minu jaoks on oluline praeguses olukorras austust \u00fcles n\u00e4idata,\u201c kirjutas ta. <\/p>\n<p>Nettavisen k\u00fcsis kolmap\u00e4eva hommikul paleelt, kas pildistamiskeedlu rikkuvad inimesed on nende jaoks laialt levinud probleem. \u201eMeie kogemus n\u00e4itab, et need, kes soovivad kuningas <a rel=\"noopener nofollow\" target=\"_blank\" href=\"https:\/\/www.delfi.ee\/teema\/74306671\/harald-v\" tag-id=\"74306671\">Harald V<\/a> viimast austust avaldada, k\u00fclastavad palee kabelit heade kavatsustega ja v\u00e4\u00e4rikalt,\u201c teatas palee. <\/p>\n<p>Kuidas see lugu Sind end tundma pani?Saada<a href=\"https:\/\/kroonika.delfi.ee\/a\/120607863\/kommentaarid\" class=\"button button--primary button--size-auto article-body-bottom__comment article-body-bottom__comment--write\" style=\"\" rel=\"nofollow noopener\" target=\"_blank\">Kommenteeri<\/a><a href=\"https:\/\/kroonika.delfi.ee\/a\/120607863\/kommentaarid\" class=\"button button--size-auto article-body-bottom__comment article-body-bottom__comment--read\" style=\"\" rel=\"nofollow noopener\" target=\"_blank\">Loe kommentaare (13)<\/a><\/p>\n","protected":false},"excerpt":{"rendered":"Parlamendiliige June Gruer tegi hoolimata rangest pildistamiskeelust mitmeid fotosid nii kuningas Haraldi kirstust kui ka palee kabelist endast.&hellip;\n","protected":false},"author":2,"featured_media":266744,"comment_status":"","ping_status":"","sticky":false,"template":"","format":"standard","meta":{"footnotes":"","_share_on_mastodon":"0"},"categories":[80],"tags":[26,27,37,33,35,34,36,31,32,15687,21,28,29,95,19,35038,25,23,24,22,20,30,92,93,94],"class_list":["post-266743","post","type-post","status-publish","format-standard","has-post-thumbnail","category-maailm","tag-breaking-news","tag-breakingnews","tag-ee","tag-eesti","tag-eesti-keel","tag-estonia","tag-estonian","tag-featured-news","tag-featurednews","tag-harald-v","tag-headlines","tag-latest-news","tag-latestnews","tag-maailm","tag-news","tag-norra-kuningakoda","tag-populaarseimad-lood","tag-top-stories","tag-topstories","tag-uldised-uudised","tag-uudised","tag-viimased-uudised","tag-world","tag-world-news","tag-worldnews"],"share_on_mastodon":{"url":"https:\/\/pubeurope.com\/@ee\/117201941727141502","error":""},"_links":{"self":[{"href":"https:\/\/www.europesays.com\/ee\/wp-json\/wp\/v2\/posts\/266743","targetHints":{"allow":["GET"]}}],"collection":[{"href":"https:\/\/www.europesays.com\/ee\/wp-json\/wp\/v2\/posts"}],"about":[{"href":"https:\/\/www.europesays.com\/ee\/wp-json\/wp\/v2\/types\/post"}],"author":[{"embeddable":true,"href":"https:\/\/www.europesays.com\/ee\/wp-json\/wp\/v2\/users\/2"}],"replies":[{"embeddable":true,"href":"https:\/\/www.europesays.com\/ee\/wp-json\/wp\/v2\/comments?post=266743"}],"version-history":[{"count":0,"href":"https:\/\/www.europesays.com\/ee\/wp-json\/wp\/v2\/posts\/266743\/revisions"}],"wp:featuredmedia":[{"embeddable":true,"href":"https:\/\/www.europesays.com\/ee\/wp-json\/wp\/v2\/media\/266744"}],"wp:attachment":[{"href":"https:\/\/www.europesays.com\/ee\/wp-json\/wp\/v2\/media?parent=266743"}],"wp:term":[{"taxonomy":"category","embeddable":true,"href":"https:\/\/www.europesays.com\/ee\/wp-json\/wp\/v2\/categories?post=266743"},{"taxonomy":"post_tag","embeddable":true,"href":"https:\/\/www.europesays.com\/ee\/wp-json\/wp\/v2\/tags?post=266743"}],"curies":[{"name":"wp","href":"https:\/\/api.w.org\/{rel}","templated":true}]}}