{"id":266755,"date":"2026-09-02T14:45:11","date_gmt":"2026-09-02T14:45:11","guid":{"rendered":"https:\/\/www.europesays.com\/ee\/266755\/"},"modified":"2026-09-02T14:45:11","modified_gmt":"2026-09-02T14:45:11","slug":"kohus-peatas-15-paevaks-karu-nuhtlusisendite-kuttimise","status":"publish","type":"post","link":"https:\/\/www.europesays.com\/ee\/266755\/","title":{"rendered":"Kohus peatas 15 p\u00e4evaks karu nuhtlusisendite k\u00fcttimise"},"content":{"rendered":"<p>MT\u00dc Eesti suurkiskjad vaidlustas kohtus 12 Keskkonnaameti korraldust karu nuhtlusisendite k\u00fcttimiseks. Tallinna halduskohus rahuldas MT\u00dc esialgse \u00f5iguskaitse taotluse ja peatas ajutiselt vaidlusaluste karu k\u00fcttimist lubavate korralduste kehtivuse.<\/p>\n<p class=\"x_MsoNormal\">Keskkonnaameti peadirektor Rainer Vakra \u00fctles, et erilubade andmine on olnud ainu\u00f5ige valik olukorras, kus karu on muutunud inimesele ohtlikuks.<\/p>\n","protected":false},"excerpt":{"rendered":"MT\u00dc Eesti suurkiskjad vaidlustas kohtus 12 Keskkonnaameti korraldust karu nuhtlusisendite k\u00fcttimiseks. Tallinna halduskohus rahuldas MT\u00dc esialgse \u00f5iguskaitse taotluse&hellip;\n","protected":false},"author":2,"featured_media":266756,"comment_status":"","ping_status":"","sticky":false,"template":"","format":"standard","meta":{"footnotes":"","_share_on_mastodon":"0"},"categories":[12],"tags":[26,27,37,33,35,34,36,31,32,61855,21,59762,103401,1452,3081,28,29,9693,19,25,103402,10880,43746,23,24,22,20,30],"class_list":["post-266755","post","type-post","status-publish","format-standard","has-post-thumbnail","category-eesti","tag-breaking-news","tag-breakingnews","tag-ee","tag-eesti","tag-eesti-keel","tag-estonia","tag-estonian","tag-featured-news","tag-featurednews","tag-hadaabinumbril-112","tag-headlines","tag-jahieeskiri","tag-karu-kuttimine","tag-keskkonnaamet","tag-kliimaministeerium","tag-latest-news","tag-latestnews","tag-mtu-eesti-suurkiskjad","tag-news","tag-populaarseimad-lood","tag-pruunkaru-populatsioon","tag-rainer-vakra","tag-riigiinfo-telefon-1247","tag-top-stories","tag-topstories","tag-uldised-uudised","tag-uudised","tag-viimased-uudised"],"share_on_mastodon":{"url":"https:\/\/pubeurope.com\/@ee\/117201989027378275","error":""},"_links":{"self":[{"href":"https:\/\/www.europesays.com\/ee\/wp-json\/wp\/v2\/posts\/266755","targetHints":{"allow":["GET"]}}],"collection":[{"href":"https:\/\/www.europesays.com\/ee\/wp-json\/wp\/v2\/posts"}],"about":[{"href":"https:\/\/www.europesays.com\/ee\/wp-json\/wp\/v2\/types\/post"}],"author":[{"embeddable":true,"href":"https:\/\/www.europesays.com\/ee\/wp-json\/wp\/v2\/users\/2"}],"replies":[{"embeddable":true,"href":"https:\/\/www.europesays.com\/ee\/wp-json\/wp\/v2\/comments?post=266755"}],"version-history":[{"count":0,"href":"https:\/\/www.europesays.com\/ee\/wp-json\/wp\/v2\/posts\/266755\/revisions"}],"wp:featuredmedia":[{"embeddable":true,"href":"https:\/\/www.europesays.com\/ee\/wp-json\/wp\/v2\/media\/266756"}],"wp:attachment":[{"href":"https:\/\/www.europesays.com\/ee\/wp-json\/wp\/v2\/media?parent=266755"}],"wp:term":[{"taxonomy":"category","embeddable":true,"href":"https:\/\/www.europesays.com\/ee\/wp-json\/wp\/v2\/categories?post=266755"},{"taxonomy":"post_tag","embeddable":true,"href":"https:\/\/www.europesays.com\/ee\/wp-json\/wp\/v2\/tags?post=266755"}],"curies":[{"name":"wp","href":"https:\/\/api.w.org\/{rel}","templated":true}]}}