{"id":266759,"date":"2026-09-02T14:53:10","date_gmt":"2026-09-02T14:53:10","guid":{"rendered":"https:\/\/www.europesays.com\/ee\/266759\/"},"modified":"2026-09-02T14:53:10","modified_gmt":"2026-09-02T14:53:10","slug":"norra-tokkejooksukuulsus-ei-saanud-teemantliiga-viimase-etapi-korraldajatega-kokkuleppele","status":"publish","type":"post","link":"https:\/\/www.europesays.com\/ee\/266759\/","title":{"rendered":"Norra t\u00f5kkejooksukuulsus ei saanud Teemantliiga viimase etapi korraldajatega kokkuleppele"},"content":{"rendered":"<p>P\u00f5hjuseks on rahaline vaidlus, \u00fctles ta Norra portaalile NRK. Nimelt leiab norralane, et Br\u00fcsseli etapi korraldaja ei maksa sportlastele piisavalt h\u00e4sti. Iga sportlane saab raha erinevatel aladel osalemise eest. Lisaks on etten\u00e4htud auhinnaraha ja rekordite eest boonuseid. Kui palju raha Warholmile pakuti v\u00f5i kui palju spordi\u00fcritus korraldajatele sisse toob, ei ole teada.<\/p>\n","protected":false},"excerpt":{"rendered":"P\u00f5hjuseks on rahaline vaidlus, \u00fctles ta Norra portaalile NRK. Nimelt leiab norralane, et Br\u00fcsseli etapi korraldaja ei maksa&hellip;\n","protected":false},"author":2,"featured_media":266760,"comment_status":"","ping_status":"","sticky":false,"template":"","format":"standard","meta":{"footnotes":"","_share_on_mastodon":"0"},"categories":[18],"tags":[16763,80244,103404,1351,37,33,35,34,36,103405,1797,103408,103407,13677,1798,159,158,2040,103406],"class_list":["post-266759","post","type-post","status-publish","format-standard","has-post-thumbnail","category-sport","tag-400-meetri-tokkejooks","tag-alison-dos-santos","tag-brusseli-etapp","tag-budapest","tag-ee","tag-eesti","tag-eesti-keel","tag-estonia","tag-estonian","tag-gert-van-goolen","tag-karsten-warholm","tag-maailmarekord-400-meetri-tokkejooksus","tag-norra-400-m-tokkejooksja","tag-nrk","tag-rai-benjamin","tag-sport","tag-sports","tag-teemantliiga","tag-ultimate-championship"],"share_on_mastodon":{"url":"https:\/\/pubeurope.com\/@ee\/117202020167860123","error":""},"_links":{"self":[{"href":"https:\/\/www.europesays.com\/ee\/wp-json\/wp\/v2\/posts\/266759","targetHints":{"allow":["GET"]}}],"collection":[{"href":"https:\/\/www.europesays.com\/ee\/wp-json\/wp\/v2\/posts"}],"about":[{"href":"https:\/\/www.europesays.com\/ee\/wp-json\/wp\/v2\/types\/post"}],"author":[{"embeddable":true,"href":"https:\/\/www.europesays.com\/ee\/wp-json\/wp\/v2\/users\/2"}],"replies":[{"embeddable":true,"href":"https:\/\/www.europesays.com\/ee\/wp-json\/wp\/v2\/comments?post=266759"}],"version-history":[{"count":0,"href":"https:\/\/www.europesays.com\/ee\/wp-json\/wp\/v2\/posts\/266759\/revisions"}],"wp:featuredmedia":[{"embeddable":true,"href":"https:\/\/www.europesays.com\/ee\/wp-json\/wp\/v2\/media\/266760"}],"wp:attachment":[{"href":"https:\/\/www.europesays.com\/ee\/wp-json\/wp\/v2\/media?parent=266759"}],"wp:term":[{"taxonomy":"category","embeddable":true,"href":"https:\/\/www.europesays.com\/ee\/wp-json\/wp\/v2\/categories?post=266759"},{"taxonomy":"post_tag","embeddable":true,"href":"https:\/\/www.europesays.com\/ee\/wp-json\/wp\/v2\/tags?post=266759"}],"curies":[{"name":"wp","href":"https:\/\/api.w.org\/{rel}","templated":true}]}}