{"id":266781,"date":"2026-09-02T15:19:33","date_gmt":"2026-09-02T15:19:33","guid":{"rendered":"https:\/\/www.europesays.com\/ee\/266781\/"},"modified":"2026-09-02T15:19:33","modified_gmt":"2026-09-02T15:19:33","slug":"sojakokkuvote-runnak-ust-lugale-ohtuleht","status":"publish","type":"post","link":"https:\/\/www.europesays.com\/ee\/266781\/","title":{"rendered":"S\u00d5JAKOKKUV\u00d5TE | R\u00fcnnak Ust-Lugale &#8211; \u00d5htuleht"},"content":{"rendered":"<ol>\n<li><a href=\"https:\/\/news.google.com\/rss\/articles\/CBMicEFVX3lxTE9FZUtmR21STnM4Qjk2bWxpWFJzMGctZjJQMWZaakFHSkdCb3dJX2xleW9rTXRSVERnQVVDTkJYV3NmU3lTeEtMT2U1ZklfbG1XVTJRWnRDVjRvWE13OTJDalp0SjJ0anpFQnBQMEIwUm8?oc=5\" target=\"_blank\" rel=\"nofollow noopener\">S\u00d5JAKOKKUV\u00d5TE | R\u00fcnnak Ust-Lugale<\/a>&nbsp;&nbsp;\u00d5htuleht<\/li>\n<li><a href=\"https:\/\/news.google.com\/rss\/articles\/CBMi-wFBVV95cUxQS1NHbmdjb2FmMFVPU044ejYza3FsRUdxZS1uT2tOZ2dXenNTU1N6cGZsd2dzS1Jjc2RRVUZEZEtvNWUzQ3BSdWY3aGplWmI5RDlmMmwtYngydFpCX0Y1SnJTM0pCaFJSQjBNLXFGSy05czFVTzltMDA2Uk9BbkcwRURqTVZiUjdZX3B0bEE1aGMyenVBbWdzSkVOYUpuSTZLbV9aY3JyOGVwQmRHelZQVmU2Z3BlV1JIRV9NajVsVUlTOUszUk5kMGhPRkN0ZUk1QTFMMW1BaGVrX2RFaHVIeFRBcUEyeHZGd1VXQ1lseklST21uUWJYcS14WQ?oc=5\" target=\"_blank\" rel=\"nofollow noopener\">S\u00d5JARAPORT | Teet Kalmus: Venemaad ootavad ees \u201eimelised\u201c valimised \u2013 probleemid tanklates, lennukid ei lenda, \u00f5huh\u00e4iresireenid linnades<\/a>&nbsp;&nbsp;Delfi<\/li>\n<li><a href=\"https:\/\/news.google.com\/rss\/articles\/CBMingFBVV95cUxOS3I2OTI4ajRFX0JIUXJ0aDRVVmRTZTJmOGlyVnNtbzBUQkExWE54emI2MjVqeDFIV1FaZXVFY2xNMjZEcXhqZ1BsU01yXzNWeHhDNHlaN1BldC0yVFFmUlo0MVN6SzJjQ3BpSjRlb0pKcnhiSmRKbmEzTWpiNGxhYWVJalhwaktDQm5VbFRrMTd4OGVqUm5Rd3Jqb05NUQ?oc=5\" target=\"_blank\" rel=\"nofollow noopener\">S\u00f5ja 1651. p\u00e4ev: Ukraina korraldas suure \u00f5hur\u00fcnnaku Venemaa l\u00e4\u00e4neosas<\/a>&nbsp;&nbsp;ERR<\/li>\n<li><a href=\"https:\/\/news.google.com\/rss\/articles\/CBMimgFBVV95cUxPVk43V2I0b3RPMmJLcEI1QkhveEZzUmxHWjFXbVhXa0pfM3lJQkZHZUlWSFNiMEVPNFk1NjJoY2hkNkJtWk9QWEVvbk8ySVVBR1Fqb1VsbExXZWs5d0dYOFZfY0ZWNk1LeDNOOHgxWUJuazdrQUlqVDdWaUgzMTZ1bXNQOE04NUlCSy1WaGpBM1FCSm9RMF9saElR?oc=5\" target=\"_blank\" rel=\"nofollow noopener\">Vene Ust-Luga sadamas puhkes p\u00e4rast \u00f6ist droonir\u00fcnnakut tulekahju<\/a>&nbsp;&nbsp;eestinen<\/li>\n<li><a href=\"https:\/\/news.google.com\/rss\/articles\/CBMi1wFBVV95cUxONUFjcmhlcVBZajZWeVgtQkJRZ01hLUljSFNTMGc3ZnFqek83a3YtaHNSTDBvMkE2aTgxa0IwcWZlTlBpQXNLLWtzVm42UGkwcnRiSG1INkVEZ3BSb3J0YkJzNU1QZnVUSFJlNmJOU2FJZnBKVHFsZE9rMmoyUktzUFc0WEZVZlFzYTJzUlpXNWhpaU9EdzNmRzJtTm50LW9vTTdVNDR1QkVzbHNVUDJMVW9OaUswQ3lEQ3VpOEVsaDZON1NjTndKNnBEcmpZeG9HeFBkR01xaw?oc=5\" target=\"_blank\" rel=\"nofollow noopener\">OTSEBLOGI | Ukraina droonid tabasid Venemaa suurt, 20 miljoni tonnise v\u00f5imsusega naftat\u00f6\u00f6tlemistehast<\/a>&nbsp;&nbsp;Inbox.eu<\/li>\n<\/ol>\n","protected":false},"excerpt":{"rendered":"S\u00d5JAKOKKUV\u00d5TE | R\u00fcnnak Ust-Lugale&nbsp;&nbsp;\u00d5htuleht S\u00d5JARAPORT | Teet Kalmus: Venemaad ootavad ees \u201eimelised\u201c valimised \u2013 probleemid tanklates, lennukid ei&hellip;\n","protected":false},"author":2,"featured_media":266782,"comment_status":"","ping_status":"","sticky":false,"template":"","format":"standard","meta":{"footnotes":"","_share_on_mastodon":"0"},"categories":[5],"tags":[26,27,37,33,35,34,36,31,32,21,28,29,19,25,23,24,22,20,30],"class_list":["post-266781","post","type-post","status-publish","format-standard","has-post-thumbnail","category-uldised-uudised","tag-breaking-news","tag-breakingnews","tag-ee","tag-eesti","tag-eesti-keel","tag-estonia","tag-estonian","tag-featured-news","tag-featurednews","tag-headlines","tag-latest-news","tag-latestnews","tag-news","tag-populaarseimad-lood","tag-top-stories","tag-topstories","tag-uldised-uudised","tag-uudised","tag-viimased-uudised"],"share_on_mastodon":{"url":"https:\/\/pubeurope.com\/@ee\/117202122562287424","error":""},"_links":{"self":[{"href":"https:\/\/www.europesays.com\/ee\/wp-json\/wp\/v2\/posts\/266781","targetHints":{"allow":["GET"]}}],"collection":[{"href":"https:\/\/www.europesays.com\/ee\/wp-json\/wp\/v2\/posts"}],"about":[{"href":"https:\/\/www.europesays.com\/ee\/wp-json\/wp\/v2\/types\/post"}],"author":[{"embeddable":true,"href":"https:\/\/www.europesays.com\/ee\/wp-json\/wp\/v2\/users\/2"}],"replies":[{"embeddable":true,"href":"https:\/\/www.europesays.com\/ee\/wp-json\/wp\/v2\/comments?post=266781"}],"version-history":[{"count":0,"href":"https:\/\/www.europesays.com\/ee\/wp-json\/wp\/v2\/posts\/266781\/revisions"}],"wp:featuredmedia":[{"embeddable":true,"href":"https:\/\/www.europesays.com\/ee\/wp-json\/wp\/v2\/media\/266782"}],"wp:attachment":[{"href":"https:\/\/www.europesays.com\/ee\/wp-json\/wp\/v2\/media?parent=266781"}],"wp:term":[{"taxonomy":"category","embeddable":true,"href":"https:\/\/www.europesays.com\/ee\/wp-json\/wp\/v2\/categories?post=266781"},{"taxonomy":"post_tag","embeddable":true,"href":"https:\/\/www.europesays.com\/ee\/wp-json\/wp\/v2\/tags?post=266781"}],"curies":[{"name":"wp","href":"https:\/\/api.w.org\/{rel}","templated":true}]}}