{"id":266787,"date":"2026-09-02T15:29:10","date_gmt":"2026-09-02T15:29:10","guid":{"rendered":"https:\/\/www.europesays.com\/ee\/266787\/"},"modified":"2026-09-02T15:29:10","modified_gmt":"2026-09-02T15:29:10","slug":"tutre-tahtis-paev-vilja-toomast-soitis-presidendi-valimise-asemel-prantsusmaale-pulma-mul-on-hea-meel-rosina-on-onnelik","status":"publish","type":"post","link":"https:\/\/www.europesays.com\/ee\/266787\/","title":{"rendered":"T\u00dcTRE T\u00c4HTIS P\u00c4EV! Vilja Toomast s\u00f5itis presidendi valimise asemel Prantsusmaale pulma: mul on hea meel, Rosina on \u00f5nnelik"},"content":{"rendered":"<p>\u201eMuidugi oleme k\u00f5ik \u00f5nnelikud!\u201c \u00fctleb Vilja Toomast t\u00fctre t\u00e4htsast p\u00e4evast r\u00e4\u00e4kides. Pulmad ja registreerimiskuup\u00e4ev olid ammu ette planeeritud ning ka Vilja erakonnakaaslased teadsid juba kevadest, et teda sel ajal Eestis pole. \u201eKui nad oleksid tahtnud minu h\u00e4\u00e4lega arvestada, oleks saanud seda istungit ka n\u00e4dala v\u00f5rra edasi t\u00f5sta, aga \u00dclle Madise sai presidendiks valitud ja minu teoreetiline poolth\u00e4\u00e4l on tal nagunii olemas,\u201c m\u00e4rgib Toomast. \u201eMina tunnen \u00dcllet juba ammu ja arvan, et ta on meie riigile ja rahvale v\u00e4ga hea valik. Ta ei tee otsuseid emotsiooni ajel, vaid ikkagi sisuliselt ja kaalutletult. See mulle meeldib.\u201c<\/p>\n","protected":false},"excerpt":{"rendered":"\u201eMuidugi oleme k\u00f5ik \u00f5nnelikud!\u201c \u00fctleb Vilja Toomast t\u00fctre t\u00e4htsast p\u00e4evast r\u00e4\u00e4kides. Pulmad ja registreerimiskuup\u00e4ev olid ammu ette planeeritud&hellip;\n","protected":false},"author":2,"featured_media":266788,"comment_status":"","ping_status":"","sticky":false,"template":"","format":"standard","meta":{"footnotes":"","_share_on_mastodon":"0"},"categories":[12],"tags":[26,27,37,33,35,34,36,31,32,21,28,29,19,25,23,24,22,20,30],"class_list":["post-266787","post","type-post","status-publish","format-standard","has-post-thumbnail","category-eesti","tag-breaking-news","tag-breakingnews","tag-ee","tag-eesti","tag-eesti-keel","tag-estonia","tag-estonian","tag-featured-news","tag-featurednews","tag-headlines","tag-latest-news","tag-latestnews","tag-news","tag-populaarseimad-lood","tag-top-stories","tag-topstories","tag-uldised-uudised","tag-uudised","tag-viimased-uudised"],"share_on_mastodon":{"url":"https:\/\/pubeurope.com\/@ee\/117202161832418161","error":""},"_links":{"self":[{"href":"https:\/\/www.europesays.com\/ee\/wp-json\/wp\/v2\/posts\/266787","targetHints":{"allow":["GET"]}}],"collection":[{"href":"https:\/\/www.europesays.com\/ee\/wp-json\/wp\/v2\/posts"}],"about":[{"href":"https:\/\/www.europesays.com\/ee\/wp-json\/wp\/v2\/types\/post"}],"author":[{"embeddable":true,"href":"https:\/\/www.europesays.com\/ee\/wp-json\/wp\/v2\/users\/2"}],"replies":[{"embeddable":true,"href":"https:\/\/www.europesays.com\/ee\/wp-json\/wp\/v2\/comments?post=266787"}],"version-history":[{"count":0,"href":"https:\/\/www.europesays.com\/ee\/wp-json\/wp\/v2\/posts\/266787\/revisions"}],"wp:featuredmedia":[{"embeddable":true,"href":"https:\/\/www.europesays.com\/ee\/wp-json\/wp\/v2\/media\/266788"}],"wp:attachment":[{"href":"https:\/\/www.europesays.com\/ee\/wp-json\/wp\/v2\/media?parent=266787"}],"wp:term":[{"taxonomy":"category","embeddable":true,"href":"https:\/\/www.europesays.com\/ee\/wp-json\/wp\/v2\/categories?post=266787"},{"taxonomy":"post_tag","embeddable":true,"href":"https:\/\/www.europesays.com\/ee\/wp-json\/wp\/v2\/tags?post=266787"}],"curies":[{"name":"wp","href":"https:\/\/api.w.org\/{rel}","templated":true}]}}