{"id":266789,"date":"2026-09-02T15:30:37","date_gmt":"2026-09-02T15:30:37","guid":{"rendered":"https:\/\/www.europesays.com\/ee\/266789\/"},"modified":"2026-09-02T15:30:37","modified_gmt":"2026-09-02T15:30:37","slug":"kranaat-valimiskomisjon-otsustas-korraldada-erakorralised-valimised-martsis","status":"publish","type":"post","link":"https:\/\/www.europesays.com\/ee\/266789\/","title":{"rendered":"KRANAAT | Valimiskomisjon otsustas korraldada erakorralised valimised m\u00e4rtsis"},"content":{"rendered":"<p>Vaarikas avab tausta, kuidas optimaalne erakorraliste valimiste kuup\u00e4ev leiti. \u201eArvutasime t\u00f6\u00f6mahtusid ja m\u00f5istlikke aegasid poliitikutel kampaaniate tegemiseks ja j\u00e4reldasime, et t\u00e4pselt kuus kuud v\u00f5iks erakorraliste valimiste korraldamiseks j\u00e4tta. See t\u00e4hendaks, et valimised toimuks 7. m\u00e4rtsil ja eelvalimised m\u00e4rtsi esimesel n\u00e4dalal.\u201c<\/p>\n<p>\u201eAusalt \u00f6eldes ei oleks nende valimiste korraldamiseks vaja isegi peaministrit umbusaldada, kuna erakorralised valimised kattuvad korraliste valimiste ajaga,\u201c selgitab Vaarikas. \u201ePeamiselt aitab see otsus luua olukorra, kus meile ei tehta enam ettepanekuid erakorralisi valimisi korraldada. Ja tegelikult\u2026 Kas mitte k\u00f5ik valimised ei ole erakorralised?\u201c k\u00fcsib Vaarikas abstraktselt.<\/p>\n<p>Keskerakonna esimees <a rel=\"noopener nofollow\" target=\"_blank\" href=\"https:\/\/www.delfi.ee\/teema\/56768234\/mihhail-kolvart\" tag-id=\"56768234\">Mihhail K\u00f5lvart<\/a> r\u00f5\u00f5mustab: \u201eMeie soove v\u00f5eti kuulda! Kuna m\u00e4rtsis on tegu korraliste erakorraliste valimistega, siis seekord kutsub <a rel=\"noopener nofollow\" target=\"_blank\" href=\"https:\/\/www.delfi.ee\/teema\/24779085\/keskerakond\" tag-id=\"24779085\">Keskerakond<\/a> erakorraliselt k\u00f5igi teiste erakondade valijaid seekord valima Keskerakonda!\u201c<\/p>\n<p>Isamaa erakonna juht <a rel=\"noopener nofollow\" target=\"_blank\" href=\"https:\/\/www.delfi.ee\/teema\/32680819\/urmas-reinsalu\" tag-id=\"32680819\">Urmas Reinsalu<\/a> r\u00f5\u00f5mustab: \u201eMe kuulame valijat ja valija on \u00f6elnud, et nemad tahaksid, et k\u00f5ike, mida Keskerakond teeb, teeks meie paremini. Seda n\u00e4itavad meile isegi k\u00fcsitlused. Niisiis meie tahtsime Keskerakonnast paremini erakorralisi valimisi n\u00f5uda, saimegi. Ja n\u00fc\u00fcd tahame Keskerakonnast rohkem h\u00e4\u00e4li saada!\u201c<\/p>\n<p>Samal ajal saatis valimiskomisjon v\u00e4lja teate, et korralised valimised toimuvad m\u00e4rtsi alguses. Vaarikas selgitab, et n\u00fc\u00fcd saavad opositsioonierakonnad osaleda erakorralistel valimistel ja koalitsioonierakonnad korralistel. \u201eReformi ja Eesti 200 poliitikud t\u00e4nasid meid k\u00fclma n\u00e4rvi s\u00e4ilitamise eest. Nii j\u00e4\u00e4b neile veel mitu kuud aega n\u00e4rviliselt kampaaniaplaane teha ja reklaamiagentuure palgata.\u201c<\/p>\n<p>Parempoolsed andsid pressiteatega teada, et s\u00f5ltumata teemast on oluline m\u00e4rkida, et Parempoolsete esindaja riigikogus m\u00f5tleb ka sellele teemale, ja veelgi olulisem on, et Parempoolsetel on esindaja riigikogus.<\/p>\n<p>Kranaadi vanas\u00f5na: Mida varem erakonda vahetad, seda parem. <\/p>\n<p>Kuidas see lugu Sind end tundma pani?Saada<a href=\"https:\/\/ekspress.delfi.ee\/a\/120607147\/kommentaarid\" class=\"button button--primary button--size-auto article-body-bottom__comment article-body-bottom__comment--write\" style=\"\" rel=\"nofollow noopener\" target=\"_blank\">Kommenteeri<\/a><a href=\"https:\/\/ekspress.delfi.ee\/a\/120607147\/kommentaarid\" class=\"button button--size-auto article-body-bottom__comment article-body-bottom__comment--read\" style=\"\" rel=\"nofollow noopener\" target=\"_blank\">Loe kommentaare (14)<\/a><\/p>\n","protected":false},"excerpt":{"rendered":"Vaarikas avab tausta, kuidas optimaalne erakorraliste valimiste kuup\u00e4ev leiti. \u201eArvutasime t\u00f6\u00f6mahtusid ja m\u00f5istlikke aegasid poliitikutel kampaaniate tegemiseks ja&hellip;\n","protected":false},"author":2,"featured_media":266790,"comment_status":"","ping_status":"","sticky":false,"template":"","format":"standard","meta":{"footnotes":"","_share_on_mastodon":"0"},"categories":[5],"tags":[26,27,37,33,35,61802,34,36,31,32,21,731,819,28,29,647,19,25,643,23,24,22,644,20,4470,30],"class_list":["post-266789","post","type-post","status-publish","format-standard","has-post-thumbnail","category-uldised-uudised","tag-breaking-news","tag-breakingnews","tag-ee","tag-eesti","tag-eesti-keel","tag-erakorralised-valimised","tag-estonia","tag-estonian","tag-featured-news","tag-featurednews","tag-headlines","tag-isamaa","tag-keskerakond","tag-latest-news","tag-latestnews","tag-mihhail-kolvart","tag-news","tag-populaarseimad-lood","tag-reformierakond","tag-top-stories","tag-topstories","tag-uldised-uudised","tag-urmas-reinsalu","tag-uudised","tag-valimiskomisjon","tag-viimased-uudised"],"share_on_mastodon":{"url":"https:\/\/pubeurope.com\/@ee\/117202165798259006","error":""},"_links":{"self":[{"href":"https:\/\/www.europesays.com\/ee\/wp-json\/wp\/v2\/posts\/266789","targetHints":{"allow":["GET"]}}],"collection":[{"href":"https:\/\/www.europesays.com\/ee\/wp-json\/wp\/v2\/posts"}],"about":[{"href":"https:\/\/www.europesays.com\/ee\/wp-json\/wp\/v2\/types\/post"}],"author":[{"embeddable":true,"href":"https:\/\/www.europesays.com\/ee\/wp-json\/wp\/v2\/users\/2"}],"replies":[{"embeddable":true,"href":"https:\/\/www.europesays.com\/ee\/wp-json\/wp\/v2\/comments?post=266789"}],"version-history":[{"count":0,"href":"https:\/\/www.europesays.com\/ee\/wp-json\/wp\/v2\/posts\/266789\/revisions"}],"wp:featuredmedia":[{"embeddable":true,"href":"https:\/\/www.europesays.com\/ee\/wp-json\/wp\/v2\/media\/266790"}],"wp:attachment":[{"href":"https:\/\/www.europesays.com\/ee\/wp-json\/wp\/v2\/media?parent=266789"}],"wp:term":[{"taxonomy":"category","embeddable":true,"href":"https:\/\/www.europesays.com\/ee\/wp-json\/wp\/v2\/categories?post=266789"},{"taxonomy":"post_tag","embeddable":true,"href":"https:\/\/www.europesays.com\/ee\/wp-json\/wp\/v2\/tags?post=266789"}],"curies":[{"name":"wp","href":"https:\/\/api.w.org\/{rel}","templated":true}]}}