{"id":266795,"date":"2026-09-02T15:40:23","date_gmt":"2026-09-02T15:40:23","guid":{"rendered":"https:\/\/www.europesays.com\/ee\/266795\/"},"modified":"2026-09-02T15:40:23","modified_gmt":"2026-09-02T15:40:23","slug":"sotsiaaltootaja-kohtu-all-oismae-korter-muudi-maha-parijad-jaid-tuhjade-katega","status":"publish","type":"post","link":"https:\/\/www.europesays.com\/ee\/266795\/","title":{"rendered":"SOTSIAALT\u00d6\u00d6TAJA KOHTU ALL: \u00d5ism\u00e4e korter m\u00fc\u00fcdi maha, p\u00e4rijad j\u00e4id t\u00fchjade k\u00e4tega"},"content":{"rendered":"<p>2. septembril Harju maakohtus toimunud istungil arutati vanainimest abistama t\u00f5tanud sotsiaalt\u00f6\u00f6taja Kristi Beljajevi (40) juhtumit. Ta v\u00f5ltsis (tuvastamata abilise kaasabil) testamendi, millega p\u00e4randas endale proua \u00d5ism\u00e4el asuva korteri ja Kohila vallas oleva krundi. Beljajev sai lisaks proua kontolt \u00fcle k\u00fcmne tuhande euro ning skeemitas ka matmiskuludega. Nii n\u00e4eb asja prokuratuur, kes on Beljajevi eelpool kirjeldatu t\u00f5ttu kohtu alla andnud.<\/p>\n","protected":false},"excerpt":{"rendered":"2. septembril Harju maakohtus toimunud istungil arutati vanainimest abistama t\u00f5tanud sotsiaalt\u00f6\u00f6taja Kristi Beljajevi (40) juhtumit. Ta v\u00f5ltsis (tuvastamata&hellip;\n","protected":false},"author":2,"featured_media":266796,"comment_status":"","ping_status":"","sticky":false,"template":"","format":"standard","meta":{"footnotes":"","_share_on_mastodon":"0"},"categories":[12],"tags":[26,27,37,33,35,34,36,31,32,21,28,29,19,25,23,24,22,20,30],"class_list":["post-266795","post","type-post","status-publish","format-standard","has-post-thumbnail","category-eesti","tag-breaking-news","tag-breakingnews","tag-ee","tag-eesti","tag-eesti-keel","tag-estonia","tag-estonian","tag-featured-news","tag-featurednews","tag-headlines","tag-latest-news","tag-latestnews","tag-news","tag-populaarseimad-lood","tag-top-stories","tag-topstories","tag-uldised-uudised","tag-uudised","tag-viimased-uudised"],"share_on_mastodon":{"url":"https:\/\/pubeurope.com\/@ee\/117202205201472961","error":""},"_links":{"self":[{"href":"https:\/\/www.europesays.com\/ee\/wp-json\/wp\/v2\/posts\/266795","targetHints":{"allow":["GET"]}}],"collection":[{"href":"https:\/\/www.europesays.com\/ee\/wp-json\/wp\/v2\/posts"}],"about":[{"href":"https:\/\/www.europesays.com\/ee\/wp-json\/wp\/v2\/types\/post"}],"author":[{"embeddable":true,"href":"https:\/\/www.europesays.com\/ee\/wp-json\/wp\/v2\/users\/2"}],"replies":[{"embeddable":true,"href":"https:\/\/www.europesays.com\/ee\/wp-json\/wp\/v2\/comments?post=266795"}],"version-history":[{"count":0,"href":"https:\/\/www.europesays.com\/ee\/wp-json\/wp\/v2\/posts\/266795\/revisions"}],"wp:featuredmedia":[{"embeddable":true,"href":"https:\/\/www.europesays.com\/ee\/wp-json\/wp\/v2\/media\/266796"}],"wp:attachment":[{"href":"https:\/\/www.europesays.com\/ee\/wp-json\/wp\/v2\/media?parent=266795"}],"wp:term":[{"taxonomy":"category","embeddable":true,"href":"https:\/\/www.europesays.com\/ee\/wp-json\/wp\/v2\/categories?post=266795"},{"taxonomy":"post_tag","embeddable":true,"href":"https:\/\/www.europesays.com\/ee\/wp-json\/wp\/v2\/tags?post=266795"}],"curies":[{"name":"wp","href":"https:\/\/api.w.org\/{rel}","templated":true}]}}