{"id":266805,"date":"2026-09-02T15:52:20","date_gmt":"2026-09-02T15:52:20","guid":{"rendered":"https:\/\/www.europesays.com\/ee\/266805\/"},"modified":"2026-09-02T15:52:20","modified_gmt":"2026-09-02T15:52:20","slug":"ekre-tartus-teadfesti-debatil-uued-uudised","status":"publish","type":"post","link":"https:\/\/www.europesays.com\/ee\/266805\/","title":{"rendered":"EKRE Tartus Tead?Festi debatil &#8211; Uued Uudised"},"content":{"rendered":"<p>1. septembril toimus Tartus Tead?Festi raames Tartu Linna Noortevolikogu poolt korraldatud poliitikute debatt. Debatil osalesid k\u00f5ik Riigikogus esindatud erakondade ning Parempoolsete esindajad.<\/p>\n<p>Kuigi debatil osalejaid ootas kolm p\u00f5hiteemat: majandus, haridus ja julgeolek, oli esimeseks teemaks Eesti presidendi valimised. K\u00fcsimusele, kas toetate homset Eesti presidendi valimist Riigikogus vastasin eitavalt. Kuna ei toimu presidendi valimised, vaid presidendi m\u00e4\u00e4ramine.<\/p>\n<p>EKRE-l on oma kindel presidendikandidaat Mart Helme, kes on pikaajalise kogemusega Eesti poliitik ja diplomaat. 1995\u20131999 t\u00f6\u00f6tas Mart Helme Eesti suursaadikuna Venemaal ning sai v\u00e4ga h\u00e4sti hakkama tolleaegses keerulises poliitilises olukorras. Seega oskab ta ka t\u00e4na edukalt juhtida Eesti Vabariiki ja selle raskest olukorrast v\u00e4lja tuua.<\/p>\n<p>Mart Helme on tuntud oma kompromissitu eestimeelsuse ja rahvuskonservatiivse retoorika poolest, seistes kindlalt Eesti suver\u00e4\u00e4nsuse, p\u00f5hiseaduse ja traditsiooniliste v\u00e4\u00e4rtuste eest.\u00a0EKRE on terve suve kogunud toetusallkirju Mart Helmele ja presidendi otsevalimisteks. V\u00e4ga suur hulk inimesi on selleks ka oma allkirja andnud.<\/p>\n<p>Andsin teada ka, et EKRE korraldab homme, see on 2. septembril piketi: N\u00d5UAME PRESIDENDI OTSEVALIMISI Riigikogu ees algusega kell 11.00.<\/p>\n<p>Debati l\u00f5petas k\u00fcsimus, kas EKRE toetab naiste s\u00f5jav\u00e4e kohustust \u2013 loomulikult mitte! Eestis on aegade madalaim s\u00fcndivus ja kui t\u00e4na me suuname noored naised s\u00f5jav\u00e4kke, siis s\u00fcveneb see veelgi. Me peame seisma noorte perede eest ja neid toetama nii, et iive hakkaks kasvama. Eestlaste peamine probleem on kestmaj\u00e4\u00e4mise tagamine.<\/p>\n<p>T\u00e4name tublisid noori korraldajaid!<\/p>\n<p>Merike Lumi<\/p>\n<p>EKRE Tartu linna ringkonna esimees<\/p>\n","protected":false},"excerpt":{"rendered":"1. septembril toimus Tartus Tead?Festi raames Tartu Linna Noortevolikogu poolt korraldatud poliitikute debatt. Debatil osalesid k\u00f5ik Riigikogus esindatud&hellip;\n","protected":false},"author":2,"featured_media":266806,"comment_status":"","ping_status":"","sticky":false,"template":"","format":"standard","meta":{"footnotes":"","_share_on_mastodon":"0"},"categories":[5],"tags":[26,27,37,33,35,34,36,31,32,21,28,29,19,25,23,24,22,20,30],"class_list":["post-266805","post","type-post","status-publish","format-standard","has-post-thumbnail","category-uldised-uudised","tag-breaking-news","tag-breakingnews","tag-ee","tag-eesti","tag-eesti-keel","tag-estonia","tag-estonian","tag-featured-news","tag-featurednews","tag-headlines","tag-latest-news","tag-latestnews","tag-news","tag-populaarseimad-lood","tag-top-stories","tag-topstories","tag-uldised-uudised","tag-uudised","tag-viimased-uudised"],"share_on_mastodon":{"url":"https:\/\/pubeurope.com\/@ee\/117202252150659824","error":""},"_links":{"self":[{"href":"https:\/\/www.europesays.com\/ee\/wp-json\/wp\/v2\/posts\/266805","targetHints":{"allow":["GET"]}}],"collection":[{"href":"https:\/\/www.europesays.com\/ee\/wp-json\/wp\/v2\/posts"}],"about":[{"href":"https:\/\/www.europesays.com\/ee\/wp-json\/wp\/v2\/types\/post"}],"author":[{"embeddable":true,"href":"https:\/\/www.europesays.com\/ee\/wp-json\/wp\/v2\/users\/2"}],"replies":[{"embeddable":true,"href":"https:\/\/www.europesays.com\/ee\/wp-json\/wp\/v2\/comments?post=266805"}],"version-history":[{"count":0,"href":"https:\/\/www.europesays.com\/ee\/wp-json\/wp\/v2\/posts\/266805\/revisions"}],"wp:featuredmedia":[{"embeddable":true,"href":"https:\/\/www.europesays.com\/ee\/wp-json\/wp\/v2\/media\/266806"}],"wp:attachment":[{"href":"https:\/\/www.europesays.com\/ee\/wp-json\/wp\/v2\/media?parent=266805"}],"wp:term":[{"taxonomy":"category","embeddable":true,"href":"https:\/\/www.europesays.com\/ee\/wp-json\/wp\/v2\/categories?post=266805"},{"taxonomy":"post_tag","embeddable":true,"href":"https:\/\/www.europesays.com\/ee\/wp-json\/wp\/v2\/tags?post=266805"}],"curies":[{"name":"wp","href":"https:\/\/api.w.org\/{rel}","templated":true}]}}