{"id":266811,"date":"2026-09-02T16:01:37","date_gmt":"2026-09-02T16:01:37","guid":{"rendered":"https:\/\/www.europesays.com\/ee\/266811\/"},"modified":"2026-09-02T16:01:37","modified_gmt":"2026-09-02T16:01:37","slug":"mis-toimub-valismaal-tupaci-morvar-moisteti-suudi-ja-superman-voitleb-indoneesias-tulega-2","status":"publish","type":"post","link":"https:\/\/www.europesays.com\/ee\/266811\/","title":{"rendered":"MIS TOIMUB V\u00c4LISMAAL? Tupaci m\u00f5rvar m\u00f5isteti s\u00fc\u00fcdi ja Superman v\u00f5itleb Indoneesias tulega"},"content":{"rendered":"<p>Island ei \u00fchine niipea Euroopa Liiduga<\/p>\n<p>Islandlased l\u00fckkasid laup\u00e4evasel rahvah\u00e4\u00e4letusel tagasi ettepaneku j\u00e4tkata Euroopa Liiduga liitumisl\u00e4bir\u00e4\u00e4kimisi. K\u00f5neluste j\u00e4tkamise vastu h\u00e4\u00e4letas 52,8 ja poolt 47,2 protsenti valijatest. Peamiseks vastuseisu p\u00f5hjuseks oli kalandus, sest kardetakse, et ELi \u00fchine kalanduspoliitika v\u00e4hendaks Islandi kontrolli oma p\u00fc\u00fcgivete \u00fcle.<\/p>\n<p>Tupaci m\u00f5rv lahendatud<\/p>\n<p>Endine g\u00e4ngipealik Duane \u201eKeffe D\u201c Davis m\u00f5isteti s\u00fc\u00fcdi r\u00e4ppar Tupac Shakuri m\u00f5rva korraldamises ligi 30 aastat p\u00e4rast tema tapmist. Prokur\u00f6ride s\u00f5nul andis Davis relva oma vennapojale, kes avas Tupaci auto pihta tule. Tupac sai 1996. aastal Las Vegases m\u00f6\u00f6das\u00f5itvast autost tulistamise k\u00e4igus neli kuuli ja suri kuus p\u00e4eva hiljem vaid 25aastaselt.<\/p>\n<p>Superman kustutab metsap\u00f5lenguid<\/p>\n<p>Indoneesias kustutab 17aastane Rudiyansah vabatahtliku tulet\u00f5rjujana Borneo saarel metsap\u00f5lenguid, kandes Supermani kost\u00fc\u00fcmi. Noormees v\u00e4idab, et teeb seda lihtsalt l\u00f5bu p\u00e4rast. Tulevikus tahab Rudiyansah saada metsavahiks ning \u00fctleb, et telefoni passimise asemel eelistab ta oma kodukanti kaitsta.<\/p>\n","protected":false},"excerpt":{"rendered":"Island ei \u00fchine niipea Euroopa Liiduga Islandlased l\u00fckkasid laup\u00e4evasel rahvah\u00e4\u00e4letusel tagasi ettepaneku j\u00e4tkata Euroopa Liiduga liitumisl\u00e4bir\u00e4\u00e4kimisi. K\u00f5neluste j\u00e4tkamise&hellip;\n","protected":false},"author":2,"featured_media":266812,"comment_status":"","ping_status":"","sticky":false,"template":"","format":"standard","meta":{"footnotes":"","_share_on_mastodon":"0"},"categories":[80],"tags":[26,27,37,33,35,34,36,31,32,21,28,29,95,19,25,23,24,22,20,30,92,93,94],"class_list":["post-266811","post","type-post","status-publish","format-standard","has-post-thumbnail","category-maailm","tag-breaking-news","tag-breakingnews","tag-ee","tag-eesti","tag-eesti-keel","tag-estonia","tag-estonian","tag-featured-news","tag-featurednews","tag-headlines","tag-latest-news","tag-latestnews","tag-maailm","tag-news","tag-populaarseimad-lood","tag-top-stories","tag-topstories","tag-uldised-uudised","tag-uudised","tag-viimased-uudised","tag-world","tag-world-news","tag-worldnews"],"share_on_mastodon":{"url":"https:\/\/pubeurope.com\/@ee\/117202287777813172","error":""},"_links":{"self":[{"href":"https:\/\/www.europesays.com\/ee\/wp-json\/wp\/v2\/posts\/266811","targetHints":{"allow":["GET"]}}],"collection":[{"href":"https:\/\/www.europesays.com\/ee\/wp-json\/wp\/v2\/posts"}],"about":[{"href":"https:\/\/www.europesays.com\/ee\/wp-json\/wp\/v2\/types\/post"}],"author":[{"embeddable":true,"href":"https:\/\/www.europesays.com\/ee\/wp-json\/wp\/v2\/users\/2"}],"replies":[{"embeddable":true,"href":"https:\/\/www.europesays.com\/ee\/wp-json\/wp\/v2\/comments?post=266811"}],"version-history":[{"count":0,"href":"https:\/\/www.europesays.com\/ee\/wp-json\/wp\/v2\/posts\/266811\/revisions"}],"wp:featuredmedia":[{"embeddable":true,"href":"https:\/\/www.europesays.com\/ee\/wp-json\/wp\/v2\/media\/266812"}],"wp:attachment":[{"href":"https:\/\/www.europesays.com\/ee\/wp-json\/wp\/v2\/media?parent=266811"}],"wp:term":[{"taxonomy":"category","embeddable":true,"href":"https:\/\/www.europesays.com\/ee\/wp-json\/wp\/v2\/categories?post=266811"},{"taxonomy":"post_tag","embeddable":true,"href":"https:\/\/www.europesays.com\/ee\/wp-json\/wp\/v2\/tags?post=266811"}],"curies":[{"name":"wp","href":"https:\/\/api.w.org\/{rel}","templated":true}]}}