{"id":266815,"date":"2026-09-02T16:03:17","date_gmt":"2026-09-02T16:03:17","guid":{"rendered":"https:\/\/www.europesays.com\/ee\/266815\/"},"modified":"2026-09-02T16:03:17","modified_gmt":"2026-09-02T16:03:17","slug":"kliiniline-psuhholoog-raagib-miks-suhetes-nii-palju-haiget-tehakse-lahedase-inimese-korval-tundub-valu-vaiksem","status":"publish","type":"post","link":"https:\/\/www.europesays.com\/ee\/266815\/","title":{"rendered":"Kliiniline ps\u00fchholoog r\u00e4\u00e4gib, miks suhetes nii palju haiget tehakse: l\u00e4hedase inimese k\u00f5rval tundub valu v\u00e4iksem"},"content":{"rendered":"<p>Paarisuhe v\u00f5ib pakkuda turvatunnet ja tuge, kuid tuua samal ajal eriti teravalt esile meie hirmud, vanad haavad ja k\u00e4itumismustrid. Nii v\u00f5ib \u00fcks partner hakata kriitilisel hetkel r\u00fcndama, teine eemalduma ning m\u00e4rkamatult kujuneb konfliktiring, millest on j\u00e4rjest raskem v\u00e4lja p\u00e4\u00e4seda.<\/p>\n<p>&#8220;\u00c4rip\u00e4eva raamatuklubi\u201c saates on seekord vaatluse all Maaret Kallio raamat \u201eTunne head suhet\u201c. Raamatus k\u00e4sitletud teemade \u00fcle arutleb Confido Meditsiinikeskuse kliiniline ps\u00fchholoog ja paariterapeut Aivi Reiman.<\/p>\n<p>R\u00e4\u00e4gime sellest, miks paarisuhe kipub puudutama meie k\u00f5ige tundlikumaid kohti, kuidas m\u00f5jutavad suhet lapsep\u00f5lvest ja varasematest suhetest kaasa tulnud mustrid ning miks ei pruugi probleem olla sugugi selles, et valisime enda k\u00f5rvale \u201evale inimese\u201c. Juttu tuleb ka enese- ja koosregulatsioonist, t\u00fclide ajal pausi v\u00f5tmisest ning sellest, kuidas partneri poole p\u00f6\u00f6rdumine v\u00f5ib aidata kontakti taastada.<\/p>\n<p>Samuti k\u00fcsime, kus jookseb piir keerulise suhte ja kahjustava v\u00f5i v\u00e4givaldse suhte vahel, milliseid ohum\u00e4rke tasub m\u00e4rgata ning millal v\u00f5iks paar otsida professionaalset abi \u2013 enne, kui teraapiast saab viimane \u00f5lek\u00f5rs.\u00a0<\/p>\n<p>Saadet juhib Violetta Riidas.<\/p>\n<p>Pildil Aivi Reiman<br \/>Pildi autor Violetta Riidas<\/p>\n","protected":false},"excerpt":{"rendered":"Paarisuhe v\u00f5ib pakkuda turvatunnet ja tuge, kuid tuua samal ajal eriti teravalt esile meie hirmud, vanad haavad ja&hellip;\n","protected":false},"author":2,"featured_media":266816,"comment_status":"","ping_status":"","sticky":false,"template":"","format":"standard","meta":{"footnotes":"","_share_on_mastodon":"0"},"categories":[5],"tags":[26,27,37,33,35,34,36,31,32,21,28,29,19,25,23,24,22,20,30],"class_list":["post-266815","post","type-post","status-publish","format-standard","has-post-thumbnail","category-uldised-uudised","tag-breaking-news","tag-breakingnews","tag-ee","tag-eesti","tag-eesti-keel","tag-estonia","tag-estonian","tag-featured-news","tag-featurednews","tag-headlines","tag-latest-news","tag-latestnews","tag-news","tag-populaarseimad-lood","tag-top-stories","tag-topstories","tag-uldised-uudised","tag-uudised","tag-viimased-uudised"],"share_on_mastodon":{"url":"https:\/\/pubeurope.com\/@ee\/117202295636156301","error":""},"_links":{"self":[{"href":"https:\/\/www.europesays.com\/ee\/wp-json\/wp\/v2\/posts\/266815","targetHints":{"allow":["GET"]}}],"collection":[{"href":"https:\/\/www.europesays.com\/ee\/wp-json\/wp\/v2\/posts"}],"about":[{"href":"https:\/\/www.europesays.com\/ee\/wp-json\/wp\/v2\/types\/post"}],"author":[{"embeddable":true,"href":"https:\/\/www.europesays.com\/ee\/wp-json\/wp\/v2\/users\/2"}],"replies":[{"embeddable":true,"href":"https:\/\/www.europesays.com\/ee\/wp-json\/wp\/v2\/comments?post=266815"}],"version-history":[{"count":0,"href":"https:\/\/www.europesays.com\/ee\/wp-json\/wp\/v2\/posts\/266815\/revisions"}],"wp:featuredmedia":[{"embeddable":true,"href":"https:\/\/www.europesays.com\/ee\/wp-json\/wp\/v2\/media\/266816"}],"wp:attachment":[{"href":"https:\/\/www.europesays.com\/ee\/wp-json\/wp\/v2\/media?parent=266815"}],"wp:term":[{"taxonomy":"category","embeddable":true,"href":"https:\/\/www.europesays.com\/ee\/wp-json\/wp\/v2\/categories?post=266815"},{"taxonomy":"post_tag","embeddable":true,"href":"https:\/\/www.europesays.com\/ee\/wp-json\/wp\/v2\/tags?post=266815"}],"curies":[{"name":"wp","href":"https:\/\/api.w.org\/{rel}","templated":true}]}}