{"id":266821,"date":"2026-09-02T16:11:56","date_gmt":"2026-09-02T16:11:56","guid":{"rendered":"https:\/\/www.europesays.com\/ee\/266821\/"},"modified":"2026-09-02T16:11:56","modified_gmt":"2026-09-02T16:11:56","slug":"ikea-hakkab-kogu-euroopas-hindu-langetama","status":"publish","type":"post","link":"https:\/\/www.europesays.com\/ee\/266821\/","title":{"rendered":"Ikea hakkab kogu Euroopas hindu langetama"},"content":{"rendered":"<p>Ettev\u00f5te investeerib hindade langetamisse kokku 1,2 miljardit eurot. Ikea suurima jaem\u00fc\u00fcja Ingka tegevjuhi Juvencio Maeztu s\u00f5nul sunnib elukalliduse t\u00f5us inimesi m\u00f6\u00f6bli ning kodukaupade ostmisel kokku hoidma, vahendab Reuters.<\/p>\n<p>Ingka veebilehe teatel puudutab hinnalangus muu hulgas populaarseid Kallaxi hoiulahendusi, Hemnesi p\u00e4evavoodit ja Po\u00e4ngi tugitooli, mille hinnad langevad keskmiselt 15\u201325%. T\u00e4pne tootevalik ja hinnalanguse suurus erinevad riigiti.<\/p>\n<p>Hindu langetatakse ka Eestis, L\u00e4tis ja Leedus. Millised tooted Eestis odavnevad ja kui palju nende hinnad langevad, pole hetkel teada.<\/p>\n<p>Saksamaal, mis on Ikea suurim turg, langetati enam kui 1500 toote hinda. N\u00e4iteks odavnes Po\u00e4ngi tugitool 179 eurolt 119 eurole. Suurbritannias langes Kallaxi riiuli hind 60 naelalt 49 naelale (70 eurolt 57 eurole) ja Alexi sahtliboksi hind 70 naelalt 55 naelale (82 eurolt 64 eurole).<\/p>\n<p>Inter Ikea tegevjuhi Jakub Jankowski s\u00f5nul v\u00f5imaldavad hindu v\u00e4hendada toodete \u00fcmberkujundamine, tootmise automatiseerimine ja taastuvenergia kasutamine. N\u00e4iteks aitas Paxi garderoobis\u00fcsteemi uus lahendus pakendamiskulusid lausa 70% v\u00e4hendada.<\/p>\n<p>Ikea proovib uusi kliente leida ka v\u00e4iksemate kaupluste abil. Alates jaanuarist on ettev\u00f5te avanud Euroopas seitse v\u00e4ikest m\u00fc\u00fcgikohta, liikudes seega osaliselt eemale traditsioonilistest linnaservas asuvatest suurtest kaubamajadest.<\/p>\n<p>Kuidas see lugu Sind end tundma pani?Saada<a href=\"https:\/\/arileht.delfi.ee\/artikkel\/120607593\/ikea-hakkab-kogu-euroopas-hindu-langetama\/kommentaarid\" class=\"button button--primary button--size-auto article-body-bottom__comment article-body-bottom__comment--write\" style=\"\" rel=\"nofollow noopener\" target=\"_blank\">Kommenteeri<\/a><a href=\"https:\/\/arileht.delfi.ee\/artikkel\/120607593\/ikea-hakkab-kogu-euroopas-hindu-langetama\/kommentaarid\" class=\"button button--size-auto article-body-bottom__comment article-body-bottom__comment--read\" style=\"\" rel=\"nofollow noopener\" target=\"_blank\">Loe kommentaare (9)<\/a><\/p>\n","protected":false},"excerpt":{"rendered":"Ettev\u00f5te investeerib hindade langetamisse kokku 1,2 miljardit eurot. Ikea suurima jaem\u00fc\u00fcja Ingka tegevjuhi Juvencio Maeztu s\u00f5nul sunnib elukalliduse&hellip;\n","protected":false},"author":2,"featured_media":266822,"comment_status":"","ping_status":"","sticky":false,"template":"","format":"standard","meta":{"footnotes":"","_share_on_mastodon":"0"},"categories":[14],"tags":[131,130,37,33,35,34,36,11948,11432,62],"class_list":["post-266821","post","type-post","status-publish","format-standard","has-post-thumbnail","category-ari","tag-ari","tag-business","tag-ee","tag-eesti","tag-eesti-keel","tag-estonia","tag-estonian","tag-hinnalangus","tag-ikea","tag-tarbija"],"share_on_mastodon":{"url":"https:\/\/pubeurope.com\/@ee\/117202331030904352","error":""},"_links":{"self":[{"href":"https:\/\/www.europesays.com\/ee\/wp-json\/wp\/v2\/posts\/266821","targetHints":{"allow":["GET"]}}],"collection":[{"href":"https:\/\/www.europesays.com\/ee\/wp-json\/wp\/v2\/posts"}],"about":[{"href":"https:\/\/www.europesays.com\/ee\/wp-json\/wp\/v2\/types\/post"}],"author":[{"embeddable":true,"href":"https:\/\/www.europesays.com\/ee\/wp-json\/wp\/v2\/users\/2"}],"replies":[{"embeddable":true,"href":"https:\/\/www.europesays.com\/ee\/wp-json\/wp\/v2\/comments?post=266821"}],"version-history":[{"count":0,"href":"https:\/\/www.europesays.com\/ee\/wp-json\/wp\/v2\/posts\/266821\/revisions"}],"wp:featuredmedia":[{"embeddable":true,"href":"https:\/\/www.europesays.com\/ee\/wp-json\/wp\/v2\/media\/266822"}],"wp:attachment":[{"href":"https:\/\/www.europesays.com\/ee\/wp-json\/wp\/v2\/media?parent=266821"}],"wp:term":[{"taxonomy":"category","embeddable":true,"href":"https:\/\/www.europesays.com\/ee\/wp-json\/wp\/v2\/categories?post=266821"},{"taxonomy":"post_tag","embeddable":true,"href":"https:\/\/www.europesays.com\/ee\/wp-json\/wp\/v2\/tags?post=266821"}],"curies":[{"name":"wp","href":"https:\/\/api.w.org\/{rel}","templated":true}]}}