{"id":266823,"date":"2026-09-02T16:13:55","date_gmt":"2026-09-02T16:13:55","guid":{"rendered":"https:\/\/www.europesays.com\/ee\/266823\/"},"modified":"2026-09-02T16:13:55","modified_gmt":"2026-09-02T16:13:55","slug":"tabel-%e2%9f%a9-ule-1300-noore-on-kooliaasta-algul-kadunud-inbox-eu","status":"publish","type":"post","link":"https:\/\/www.europesays.com\/ee\/266823\/","title":{"rendered":"TABEL \u27e9 \u00dcle 1300 noore on kooliaasta algul kadunud &#8211; Inbox.eu"},"content":{"rendered":"<ol>\n<li><a href=\"https:\/\/news.google.com\/rss\/articles\/CBMipwFBVV95cUxNRU9qMnpiTS1CZGdoQzVBOG5pdzcxZmhNdUVhOXhkeVBNUGhBMG5JcG04d3ZGU09JcUV6Z09ZVE1xNW15ZXp4QjBDUEpqVGlacTh1VzBlSmloUFdKdGNjZG1WVFhaelMwRERSdG5GTjVna21INUZYVFF5UXpKdmFqTjRLeWtIcXUwdXNOZlRYaVJobnM2R1JSem1qaGdPOXhsSi1PNUhmSQ?oc=5\" target=\"_blank\" rel=\"nofollow noopener\">TABEL \u27e9 \u00dcle 1300 noore on kooliaasta algul kadunud<\/a>&nbsp;&nbsp;Inbox.eu<\/li>\n<li><a href=\"https:\/\/news.google.com\/rss\/articles\/CBMilAFBVV95cUxQeHBIQ1pPMlMtWE5rWXBfQ1kyQXMxOWs5MXJRR0FhZFZEY2hoTXlIWVZaS3RlZ0JaZjdQcnJNc0NjblQ3M2RQS2F2WlM3NmNKTnpsWXMycTl6QVpzZXlkYVM1WnBJS0U0TlpQTzVuWUFJUFlIOV9Obnl6VWZkX291UDRLRDlsSHdIS3hzd1dmbFVtT0NJ?oc=5\" target=\"_blank\" rel=\"nofollow noopener\">Haridusminister: me veel ei tea, mitu \u00f5pilast j\u00e4\u00e4b koolikohata<\/a>&nbsp;&nbsp;ERR<\/li>\n<li><a href=\"https:\/\/news.google.com\/rss\/articles\/CBMivAFBVV95cUxPWE0yZDNJekkwN3ZzVFJ5MW1iUE5nQTQ5Yl9FOGFNUWdyRW1NUTRHemUzRGRmUlZDekhhVzZMMzJiUkVDVXNqZUFXTTFHY2hiU2pzSmZKa0Eza2YzNG5XZ1djRWx2Vm13aU9UN1djbjRTblBCLXllajZGOFZ6QVN0MHJHU2U2V3AtTmxXcGtneEQ5WFJTSWVqMVd4c3ZYUG5qRVpLNm9sU2p1a1RJVTBldGFUV3B4N0NfZWJXaA?oc=5\" target=\"_blank\" rel=\"nofollow noopener\">Kristina Kallas: kogu maailma probleemide lahendamine on pandud \u00f5petaja \u00f5lule<\/a>&nbsp;&nbsp;aripaev.ee<\/li>\n<li><a href=\"https:\/\/news.google.com\/rss\/articles\/CBMieEFVX3lxTE5kSWdLM3NEMEVkcURTREpSckxCNzcta3JUZUFKVXVYTnlia0pBM0VPZWlDM3QySFkwSWVxcFB4cGctZXpOY0tzOGtHZjJKUUhJMVhIVnhIcGVDU3U3dVc5ck9KQlpnWWpsQjAxR0NlbDE0QmtCLUpWNA?oc=5\" target=\"_blank\" rel=\"nofollow noopener\">&#8220;Esimeses stuudios&#8221; 21.40 Kristina Kallas<\/a>&nbsp;&nbsp;ERR<\/li>\n<li><a href=\"https:\/\/news.google.com\/rss\/articles\/CBMikwFBVV95cUxQRllfUmpiN09NMzJFV2RJNFRYNE95QW91bEVNYXZMVm5QdEg2ZEZXZ21jNFpRbFlYMUpmVHR5el96Q0hKVlUzUUVTOXVyOHJ1NC1IeXNhaWhMMWIxM2N1MU8yRFhlcmwzc24xRWxicUVqWHdxOGx1UnNqUGprUkhEOWc5Yi1qWW16MVVKZl9yczVOTXc?oc=5\" target=\"_blank\" rel=\"nofollow noopener\">JUHTKIRI \u27e9 P\u00f5hikoolil\u00f5petanute n\u00e4gurip\u00e4evad \u2013 kes on s\u00fc\u00fcdi?<\/a>&nbsp;&nbsp;Tartu Postimees<\/li>\n<\/ol>\n","protected":false},"excerpt":{"rendered":"TABEL \u27e9 \u00dcle 1300 noore on kooliaasta algul kadunud&nbsp;&nbsp;Inbox.eu Haridusminister: me veel ei tea, mitu \u00f5pilast j\u00e4\u00e4b koolikohata&nbsp;&nbsp;ERR&hellip;\n","protected":false},"author":2,"featured_media":266824,"comment_status":"","ping_status":"","sticky":false,"template":"","format":"standard","meta":{"footnotes":"","_share_on_mastodon":"0"},"categories":[12],"tags":[26,27,37,33,35,34,36,31,32,21,28,29,19,25,23,24,22,20,30],"class_list":["post-266823","post","type-post","status-publish","format-standard","has-post-thumbnail","category-eesti","tag-breaking-news","tag-breakingnews","tag-ee","tag-eesti","tag-eesti-keel","tag-estonia","tag-estonian","tag-featured-news","tag-featurednews","tag-headlines","tag-latest-news","tag-latestnews","tag-news","tag-populaarseimad-lood","tag-top-stories","tag-topstories","tag-uldised-uudised","tag-uudised","tag-viimased-uudised"],"share_on_mastodon":{"url":"https:\/\/pubeurope.com\/@ee\/117202338855467260","error":""},"_links":{"self":[{"href":"https:\/\/www.europesays.com\/ee\/wp-json\/wp\/v2\/posts\/266823","targetHints":{"allow":["GET"]}}],"collection":[{"href":"https:\/\/www.europesays.com\/ee\/wp-json\/wp\/v2\/posts"}],"about":[{"href":"https:\/\/www.europesays.com\/ee\/wp-json\/wp\/v2\/types\/post"}],"author":[{"embeddable":true,"href":"https:\/\/www.europesays.com\/ee\/wp-json\/wp\/v2\/users\/2"}],"replies":[{"embeddable":true,"href":"https:\/\/www.europesays.com\/ee\/wp-json\/wp\/v2\/comments?post=266823"}],"version-history":[{"count":0,"href":"https:\/\/www.europesays.com\/ee\/wp-json\/wp\/v2\/posts\/266823\/revisions"}],"wp:featuredmedia":[{"embeddable":true,"href":"https:\/\/www.europesays.com\/ee\/wp-json\/wp\/v2\/media\/266824"}],"wp:attachment":[{"href":"https:\/\/www.europesays.com\/ee\/wp-json\/wp\/v2\/media?parent=266823"}],"wp:term":[{"taxonomy":"category","embeddable":true,"href":"https:\/\/www.europesays.com\/ee\/wp-json\/wp\/v2\/categories?post=266823"},{"taxonomy":"post_tag","embeddable":true,"href":"https:\/\/www.europesays.com\/ee\/wp-json\/wp\/v2\/tags?post=266823"}],"curies":[{"name":"wp","href":"https:\/\/api.w.org\/{rel}","templated":true}]}}