{"id":266825,"date":"2026-09-02T16:15:16","date_gmt":"2026-09-02T16:15:16","guid":{"rendered":"https:\/\/www.europesays.com\/ee\/266825\/"},"modified":"2026-09-02T16:15:16","modified_gmt":"2026-09-02T16:15:16","slug":"paraguay-rallilegend-sonul-toob-toyota-rallivoistkond-celica-tagasi-autoralli","status":"publish","type":"post","link":"https:\/\/www.europesays.com\/ee\/266825\/","title":{"rendered":"Paraguay rallilegend s\u00f5nul toob Toyota ralliv\u00f5istkond Celica tagasi | Autoralli"},"content":{"rendered":"<p>Kahel korral autoralli maailmameistriks tulnud Luis Moya \u00fctles Paraguay raadios konkreetselt v\u00e4lja, et Toyota v\u00f5istkond toob j\u00e4rgmisel hooajal MM-sarjas radadele Celica mudeli.<\/p>\n<p>Carlos Sainzi kaardilugejana 1990. ja 1992. aastal maailmameistriks tulnud Moya t\u00f6\u00f6tas m\u00f6\u00f6dunud n\u00e4dalavahetusel toimunud MM-etapi ajal raadiojaama La Tribu Deport \u00fclekannetes eksperdina ning v\u00f5is paljastada \u00fcpris suure uudise, kirjutas Rallit.fi.<\/p>\n<p>Toyota v\u00f5istkond on ainus, kes arendab j\u00e4rgmisest hooajast kehtivateks tehnilisteks regulatsioonideks autot, kuid auto mudel on olnud saladuskatte all. Moya s\u00f5nul naaseb aga j\u00e4rgmisel hooajal ralliradadele legendaarne Celica. Just selle mudeliga tuli ta ise kahel korral maailmameistriks.<\/p>\n<p>&#8220;Peame j\u00e4rgmisel aastal kannatlikud olema. Hetkel on ainult m\u00f5ned tiimid oma osaluse kinnitanud,&#8221; r\u00e4\u00e4kis Moya MM-sarja j\u00e4rgmise hooaja seisust. &#8220;J\u00e4rgmine aasta v\u00f5ib tulla natuke igav, aga teame juba seda, et Toyota tiim v\u00f5istleb Celicaga.&#8221;<\/p>\n<p>Moya \u00fctles veel, et Celicat kasutatakse nii Rally1 kui ka Rally2 kategoorias.<\/p>\n<p>Toyota j\u00e4rgmise hooaja autot on mitmel korral tests\u00f5itudel m\u00e4rgatud ja pildile v\u00f5etud, kuid kujundust on varjatud. Tehasetiim kasutas Celicat aastail 1988-1995, misj\u00e4rel v\u00f5eti kasutusele Corolla (1997-1999). Alates MM-sarja naasmist 2017. aastal on ralliauto ehitatud Yarise kerele, kuid testauto on keret\u00fc\u00fcbilt t\u00f5esti kupee moodi, mis viitaks uuele Celicale.<\/p>\n","protected":false},"excerpt":{"rendered":"Kahel korral autoralli maailmameistriks tulnud Luis Moya \u00fctles Paraguay raadios konkreetselt v\u00e4lja, et Toyota v\u00f5istkond toob j\u00e4rgmisel hooajal&hellip;\n","protected":false},"author":2,"featured_media":266826,"comment_status":"","ping_status":"","sticky":false,"template":"","format":"standard","meta":{"footnotes":"","_share_on_mastodon":"0"},"categories":[5],"tags":[3503,26,27,37,33,35,34,36,31,32,21,28,29,103398,19,25,23,24,22,20,30],"class_list":["post-266825","post","type-post","status-publish","format-standard","has-post-thumbnail","category-uldised-uudised","tag-autoralli-mm-sari","tag-breaking-news","tag-breakingnews","tag-ee","tag-eesti","tag-eesti-keel","tag-estonia","tag-estonian","tag-featured-news","tag-featurednews","tag-headlines","tag-latest-news","tag-latestnews","tag-luis-moya","tag-news","tag-populaarseimad-lood","tag-top-stories","tag-topstories","tag-uldised-uudised","tag-uudised","tag-viimased-uudised"],"share_on_mastodon":{"url":"https:\/\/pubeurope.com\/@ee\/117202342786005411","error":""},"_links":{"self":[{"href":"https:\/\/www.europesays.com\/ee\/wp-json\/wp\/v2\/posts\/266825","targetHints":{"allow":["GET"]}}],"collection":[{"href":"https:\/\/www.europesays.com\/ee\/wp-json\/wp\/v2\/posts"}],"about":[{"href":"https:\/\/www.europesays.com\/ee\/wp-json\/wp\/v2\/types\/post"}],"author":[{"embeddable":true,"href":"https:\/\/www.europesays.com\/ee\/wp-json\/wp\/v2\/users\/2"}],"replies":[{"embeddable":true,"href":"https:\/\/www.europesays.com\/ee\/wp-json\/wp\/v2\/comments?post=266825"}],"version-history":[{"count":0,"href":"https:\/\/www.europesays.com\/ee\/wp-json\/wp\/v2\/posts\/266825\/revisions"}],"wp:featuredmedia":[{"embeddable":true,"href":"https:\/\/www.europesays.com\/ee\/wp-json\/wp\/v2\/media\/266826"}],"wp:attachment":[{"href":"https:\/\/www.europesays.com\/ee\/wp-json\/wp\/v2\/media?parent=266825"}],"wp:term":[{"taxonomy":"category","embeddable":true,"href":"https:\/\/www.europesays.com\/ee\/wp-json\/wp\/v2\/categories?post=266825"},{"taxonomy":"post_tag","embeddable":true,"href":"https:\/\/www.europesays.com\/ee\/wp-json\/wp\/v2\/tags?post=266825"}],"curies":[{"name":"wp","href":"https:\/\/api.w.org\/{rel}","templated":true}]}}