{"id":266827,"date":"2026-09-02T16:21:13","date_gmt":"2026-09-02T16:21:13","guid":{"rendered":"https:\/\/www.europesays.com\/ee\/266827\/"},"modified":"2026-09-02T16:21:13","modified_gmt":"2026-09-02T16:21:13","slug":"tonu-kaljuste-vahesed-suudavad-lihtsatest-nootidest-luua-sugavat-sisu-muusika","status":"publish","type":"post","link":"https:\/\/www.europesays.com\/ee\/266827\/","title":{"rendered":"T\u00f5nu Kaljuste: v\u00e4hesed suudavad lihtsatest nootidest luua s\u00fcgavat sisu | Muusika"},"content":{"rendered":"<p>Kirikutes ja kontserdisaalides \u00fcle Eesti toimub P\u00e4rdi p\u00e4evadel 17 kontserti kaheksa mitmek\u00fclgse kavaga. T\u00f5nu Kaljuste juhatusel tuleb esitusele looming Johann Sebastian Bachilt ja Arvo P\u00e4rdilt, keda Bachi looming on varaseil aastail tugevalt m\u00f5jutanud.<\/p>\n<p>Nargenfestivali P\u00e4rdi p\u00e4evad otsivad tasakaalu p\u00fcsivate v\u00e4\u00e4rtuste ja v\u00e4rskete vaatenurkade vahel, pakkudes uusi k\u00f5lav\u00e4rve, t\u00f5lgendusviise ja kuulamiskogemusi.<\/p>\n<p>T\u00e4nasel avakontserdil musitseerivad koos Eesti Filharmoonia Kammerkoor\u00a0ja\u00a0mainekas briti barokkorkester\u00a0Academy of Ancient Music.<\/p>\n<p>&#8220;M\u00f5lemad heliloojad on v\u00e4ga suure t\u00e4psuse ja algebra armastusega, nende s\u00fcsteemid, mida nad on oma kompositsioonides loonud, on v\u00e4ga tihti matemaatilised, aga nad l\u00e4hevad sellest karmist s\u00fcsteemist eemale, et teosesse tuleks teatud inimlikkust. Nad ei ole l\u00f5puni teoreetikud, vast k\u00f5ige olulisem on see, et v\u00e4hesed suudavad lihtsatest nootidest luua s\u00fcgavat sisu, sest lihtsad motiivid j\u00e4\u00e4vad tihti \u00f5\u00f5nsaks, aga neil m\u00f5lemal heliloojal on s\u00fcgavam background, taust, nagu eesti keeles \u00f6eldakse,&#8221; \u00fctled dirigent T\u00f5nu Kaljuste,<\/p>\n<p>&#8220;Meie orkester asutati 50 aastat tagasi, et salvestada 18. sajandi muusikat. Me ei t\u00f6\u00f6ta kuigi palju elavate autoritega ja me pole kunagi varem esitanud Arvo P\u00e4rdi muusikat, t\u00e4na teeme deb\u00fc\u00fcdi. T\u00e4nase kontserdi kava on v\u00e4ga p\u00f5nev, kui need kaks heliloojat astuvad \u00f5htu jooksul dialoogi,&#8221; \u00fctles Academy of Ancient Music tegevjuht John McMunn.<\/p>\n","protected":false},"excerpt":{"rendered":"Kirikutes ja kontserdisaalides \u00fcle Eesti toimub P\u00e4rdi p\u00e4evadel 17 kontserti kaheksa mitmek\u00fclgse kavaga. T\u00f5nu Kaljuste juhatusel tuleb esitusele&hellip;\n","protected":false},"author":2,"featured_media":266828,"comment_status":"","ping_status":"","sticky":false,"template":"","format":"standard","meta":{"footnotes":"","_share_on_mastodon":"0"},"categories":[16],"tags":[103428,4513,37,33,7532,35,173,34,36,140,90764,100981,1557],"class_list":["post-266827","post","type-post","status-publish","format-standard","has-post-thumbnail","category-meelelahutus","tag-academy-of-ancient-music","tag-arvo-part","tag-ee","tag-eesti","tag-eesti-filharmoonia-kammerkoor","tag-eesti-keel","tag-entertainment","tag-estonia","tag-estonian","tag-meelelahutus","tag-nargenfestival","tag-pardi-paevad","tag-tonu-kaljuste"],"share_on_mastodon":{"url":"https:\/\/pubeurope.com\/@ee\/117202366271363136","error":""},"_links":{"self":[{"href":"https:\/\/www.europesays.com\/ee\/wp-json\/wp\/v2\/posts\/266827","targetHints":{"allow":["GET"]}}],"collection":[{"href":"https:\/\/www.europesays.com\/ee\/wp-json\/wp\/v2\/posts"}],"about":[{"href":"https:\/\/www.europesays.com\/ee\/wp-json\/wp\/v2\/types\/post"}],"author":[{"embeddable":true,"href":"https:\/\/www.europesays.com\/ee\/wp-json\/wp\/v2\/users\/2"}],"replies":[{"embeddable":true,"href":"https:\/\/www.europesays.com\/ee\/wp-json\/wp\/v2\/comments?post=266827"}],"version-history":[{"count":0,"href":"https:\/\/www.europesays.com\/ee\/wp-json\/wp\/v2\/posts\/266827\/revisions"}],"wp:featuredmedia":[{"embeddable":true,"href":"https:\/\/www.europesays.com\/ee\/wp-json\/wp\/v2\/media\/266828"}],"wp:attachment":[{"href":"https:\/\/www.europesays.com\/ee\/wp-json\/wp\/v2\/media?parent=266827"}],"wp:term":[{"taxonomy":"category","embeddable":true,"href":"https:\/\/www.europesays.com\/ee\/wp-json\/wp\/v2\/categories?post=266827"},{"taxonomy":"post_tag","embeddable":true,"href":"https:\/\/www.europesays.com\/ee\/wp-json\/wp\/v2\/tags?post=266827"}],"curies":[{"name":"wp","href":"https:\/\/api.w.org\/{rel}","templated":true}]}}