{"id":266829,"date":"2026-09-02T16:22:24","date_gmt":"2026-09-02T16:22:24","guid":{"rendered":"https:\/\/www.europesays.com\/ee\/266829\/"},"modified":"2026-09-02T16:22:24","modified_gmt":"2026-09-02T16:22:24","slug":"mis-juhtus-kossukoondisega-mis-juhtus-virvesega-mis-juhtus-kaldvee-lill-tandemiga-2","status":"publish","type":"post","link":"https:\/\/www.europesays.com\/ee\/266829\/","title":{"rendered":"Mis juhtus kossukoondisega? Mis juhtus Virvesega? Mis juhtus Kaldvee-Lill tandemiga?"},"content":{"rendered":"<p>1. septembri \u201eMehed ei nuta\u201c peateemad:<\/p>\n<ul>\n<li>\n<p class=\"p3\">Mis juhtus Eesti korvpallikoondisega? Olemegi nii kehvad v\u00f5i on midagi t\u00f5sisemat lahti?<\/p>\n<\/li>\n<li>\n<p class=\"p3\">Hullumeelne Paraguay ralli. Kas Sami Pajari kerkibki maailmameistriks? Mis on <a rel=\"noopener nofollow\" target=\"_blank\" href=\"https:\/\/www.delfi.ee\/teema\/85100781\/robert-virves\" data-rel-date-range=\"[]\">Robert Virvese<\/a> seis p\u00e4rast hooaja esimest altminekut?<\/p>\n<\/li>\n<li>\n<p class=\"p3\">Eesti sport kaotas veel \u00fche tipu: kurlingupaar Marie Kaldvee ja Harri Lill l\u00f5petasid koost\u00f6\u00f6.<\/p>\n<\/li>\n<li>\n<p class=\"p3\">Kodune jalgpall: FC Flora sipleb kriisis edasi, Tammeka ohustab suurt nelikut ja Levadia v\u00f5ib juba meistriks kuulutada?<\/p>\n<\/li>\n<li>\n<p class=\"p3\">Puhka rahus, spordimees Peep Koidu!<\/p>\n<\/li>\n<\/ul>\n<p class=\"p3\">Saadet \u201eMehed ei nuta\u201c saavad j\u00e4relvaadata ja -kuulata Delfi Kogupaketi tellijad. Mugavamaks j\u00e4relkuulamiseks laadi alla uus Delfi Tasku rakendus, kus saad asuda saate j\u00e4lgijaks ja valida teisi lemmikuid, saada teavitusi uute osade ilmumise kohta, j\u00e4tkata saate kuulamist pooleli j\u00e4\u00e4nud kohast, laadida episoode alla, kasutada Apple CarPlay\u2019d v\u00f5i Android Autot.<\/p>\n<p><a href=\"https:\/\/sport.delfi.ee\/a\/120607467\/kommentaarid\" class=\"button button--primary button--size-auto article-body-bottom__comment article-body-bottom__comment--write\" style=\"\" rel=\"nofollow noopener\" target=\"_blank\">Kommenteeri<\/a><a href=\"https:\/\/sport.delfi.ee\/a\/120607467\/kommentaarid\" class=\"button button--size-auto article-body-bottom__comment article-body-bottom__comment--read\" style=\"\" rel=\"nofollow noopener\" target=\"_blank\">Loe kommentaare (16)<\/a><\/p>\n","protected":false},"excerpt":{"rendered":"1. septembri \u201eMehed ei nuta\u201c peateemad: Mis juhtus Eesti korvpallikoondisega? Olemegi nii kehvad v\u00f5i on midagi t\u00f5sisemat lahti?&hellip;\n","protected":false},"author":2,"featured_media":266830,"comment_status":"","ping_status":"","sticky":false,"template":"","format":"standard","meta":{"footnotes":"","_share_on_mastodon":"0"},"categories":[18],"tags":[37,33,35,3119,34,36,1460,1461,3016,159,158],"class_list":["post-266829","post","type-post","status-publish","format-standard","has-post-thumbnail","category-sport","tag-ee","tag-eesti","tag-eesti-keel","tag-eesti-korvpallikoondis","tag-estonia","tag-estonian","tag-harri-lill","tag-marie-kaldvee","tag-robert-virves","tag-sport","tag-sports"],"share_on_mastodon":{"url":"https:\/\/pubeurope.com\/@ee\/117202370078722761","error":""},"_links":{"self":[{"href":"https:\/\/www.europesays.com\/ee\/wp-json\/wp\/v2\/posts\/266829","targetHints":{"allow":["GET"]}}],"collection":[{"href":"https:\/\/www.europesays.com\/ee\/wp-json\/wp\/v2\/posts"}],"about":[{"href":"https:\/\/www.europesays.com\/ee\/wp-json\/wp\/v2\/types\/post"}],"author":[{"embeddable":true,"href":"https:\/\/www.europesays.com\/ee\/wp-json\/wp\/v2\/users\/2"}],"replies":[{"embeddable":true,"href":"https:\/\/www.europesays.com\/ee\/wp-json\/wp\/v2\/comments?post=266829"}],"version-history":[{"count":0,"href":"https:\/\/www.europesays.com\/ee\/wp-json\/wp\/v2\/posts\/266829\/revisions"}],"wp:featuredmedia":[{"embeddable":true,"href":"https:\/\/www.europesays.com\/ee\/wp-json\/wp\/v2\/media\/266830"}],"wp:attachment":[{"href":"https:\/\/www.europesays.com\/ee\/wp-json\/wp\/v2\/media?parent=266829"}],"wp:term":[{"taxonomy":"category","embeddable":true,"href":"https:\/\/www.europesays.com\/ee\/wp-json\/wp\/v2\/categories?post=266829"},{"taxonomy":"post_tag","embeddable":true,"href":"https:\/\/www.europesays.com\/ee\/wp-json\/wp\/v2\/tags?post=266829"}],"curies":[{"name":"wp","href":"https:\/\/api.w.org\/{rel}","templated":true}]}}