{"id":266833,"date":"2026-09-02T16:25:12","date_gmt":"2026-09-02T16:25:12","guid":{"rendered":"https:\/\/www.europesays.com\/ee\/266833\/"},"modified":"2026-09-02T16:25:12","modified_gmt":"2026-09-02T16:25:12","slug":"parnu-linnagalerii-endla-teatrigaleriis-naeb-kahte-uut-naitust-kunst","status":"publish","type":"post","link":"https:\/\/www.europesays.com\/ee\/266833\/","title":{"rendered":"P\u00e4rnu Linnagalerii Endla teatrigaleriis n\u00e4eb kahte uut n\u00e4itust | Kunst"},"content":{"rendered":"<p>P\u00e4rnu kunstnik Janno Bergmann toob n\u00e4itusel &#8220;Mikrogenees&#8221; vaataja ette t\u00f6\u00f6d, milles on eksperimenteerinud analoogfotograafiaga. Teine n\u00e4itus, Soome visuaalkunstniku Joonas Ahtikallio pildiseeria on loodud kaameravaba fotograafia kaudu.<\/p>\n<p>&#8220;K\u00f5ik t\u00f6\u00f6d on tehtud mustvalgele fotopaberile, kasutades valgust, keemiat, kombineerides lumen print&#8217;i ja chemigram&#8217;i ehk niisuguseid tehnikaid ja m\u00f5iste ise p\u00e4rineb tajups\u00fchholoogiast, mis \u00fchtlasi on niisugune hetk, kus vaatamise ja m\u00f5istmise vahel kulub mingi aeg, see ei toimu automaatselt,&#8221; \u00fctles kunstnik Janno Bergmann.<\/p>\n<p>&#8220;Need on abstraktsed portreed, enamasti inimestest, kellega ma olen P\u00e4rnus residentuuri ajal kohtunud. Mulle v\u00e4ga meeldib kaamerata fotograafia, sest see on nii mitmekihiline, tuleb minna t\u00e4iesti fotograafia juurte ja p\u00f5hit\u00f5dede juurde,&#8221; s\u00f5nas visuaalkunstnik Joonas Ahtikallio.<\/p>\n<p>N\u00e4itused on avatud 3. oktoobrini.<\/p>\n","protected":false},"excerpt":{"rendered":"P\u00e4rnu kunstnik Janno Bergmann toob n\u00e4itusel &#8220;Mikrogenees&#8221; vaataja ette t\u00f6\u00f6d, milles on eksperimenteerinud analoogfotograafiaga. Teine n\u00e4itus, Soome visuaalkunstniku&hellip;\n","protected":false},"author":2,"featured_media":266834,"comment_status":"","ping_status":"","sticky":false,"template":"","format":"standard","meta":{"footnotes":"","_share_on_mastodon":"0"},"categories":[12],"tags":[26,27,37,33,35,18164,34,36,31,32,21,18222,103430,28,29,103429,19,19152,25,23,24,22,20,30],"class_list":["post-266833","post","type-post","status-publish","format-standard","has-post-thumbnail","category-eesti","tag-breaking-news","tag-breakingnews","tag-ee","tag-eesti","tag-eesti-keel","tag-endla-teatrigalerii","tag-estonia","tag-estonian","tag-featured-news","tag-featurednews","tag-headlines","tag-janno-bergmann","tag-joonas-ahtikallio","tag-latest-news","tag-latestnews","tag-mikrogenees","tag-news","tag-parnu-linnagalerii","tag-populaarseimad-lood","tag-top-stories","tag-topstories","tag-uldised-uudised","tag-uudised","tag-viimased-uudised"],"share_on_mastodon":{"url":"https:\/\/pubeurope.com\/@ee\/117202382052727986","error":""},"_links":{"self":[{"href":"https:\/\/www.europesays.com\/ee\/wp-json\/wp\/v2\/posts\/266833","targetHints":{"allow":["GET"]}}],"collection":[{"href":"https:\/\/www.europesays.com\/ee\/wp-json\/wp\/v2\/posts"}],"about":[{"href":"https:\/\/www.europesays.com\/ee\/wp-json\/wp\/v2\/types\/post"}],"author":[{"embeddable":true,"href":"https:\/\/www.europesays.com\/ee\/wp-json\/wp\/v2\/users\/2"}],"replies":[{"embeddable":true,"href":"https:\/\/www.europesays.com\/ee\/wp-json\/wp\/v2\/comments?post=266833"}],"version-history":[{"count":0,"href":"https:\/\/www.europesays.com\/ee\/wp-json\/wp\/v2\/posts\/266833\/revisions"}],"wp:featuredmedia":[{"embeddable":true,"href":"https:\/\/www.europesays.com\/ee\/wp-json\/wp\/v2\/media\/266834"}],"wp:attachment":[{"href":"https:\/\/www.europesays.com\/ee\/wp-json\/wp\/v2\/media?parent=266833"}],"wp:term":[{"taxonomy":"category","embeddable":true,"href":"https:\/\/www.europesays.com\/ee\/wp-json\/wp\/v2\/categories?post=266833"},{"taxonomy":"post_tag","embeddable":true,"href":"https:\/\/www.europesays.com\/ee\/wp-json\/wp\/v2\/tags?post=266833"}],"curies":[{"name":"wp","href":"https:\/\/api.w.org\/{rel}","templated":true}]}}