{"id":266835,"date":"2026-09-02T16:26:15","date_gmt":"2026-09-02T16:26:15","guid":{"rendered":"https:\/\/www.europesays.com\/ee\/266835\/"},"modified":"2026-09-02T16:26:15","modified_gmt":"2026-09-02T16:26:15","slug":"erakondade-vox-populi-riho-terras-kaitseminister-hanno-pevkur-ei-saa-enam-eelmise-vabanduse-taha-pugeda-postimees","status":"publish","type":"post","link":"https:\/\/www.europesays.com\/ee\/266835\/","title":{"rendered":"ERAKONDADE VOX POPULI Riho Terras: kaitseminister Hanno Pevkur ei saa enam eelmise vabanduse taha pugeda &#8211; Postimees"},"content":{"rendered":"<ol>\n<li><a href=\"https:\/\/news.google.com\/rss\/articles\/CBMi1wFBVV95cUxOVjBsTUtjREpacWViYlZlV21fOC1ib2RxYWNzUXZvbndzVjV4emZyRk13SXlRVDJ5cEtQYUNuQXBNQnJBUXRIRWt1Mml5Q01ZcWx1MVkteWltWVdtRmZoR1FxdWZVbjR6am0zWTlBMjI3VkEwQkFMTmFjSmk3MDlpUjhYTWQxLVlqQi1BVmNqTFNheHdQUXVVYldpWUlKY01wa1FTV05mcll1Y3o1TGQxZFVpUmFaUXVKTWtMSElVZU04eXNmYk93VFNaYkxwaDNqMTB5dTlCVQ?oc=5\" target=\"_blank\" rel=\"nofollow noopener\">ERAKONDADE VOX POPULI Riho Terras: kaitseminister Hanno Pevkur ei saa enam eelmise vabanduse taha pugeda<\/a>&nbsp;&nbsp;Postimees<\/li>\n<li><a href=\"https:\/\/news.google.com\/rss\/articles\/CBMiywFBVV95cUxQSzFYaTZGVEtCb2pBeDJiVERWRlE1REZPM3U0ZlZvQVJOUWJkUFlfMzM0MmFjZzd2VkZ5SkwzdEhpU0U5U2RiTDlPenN2U1otaVJJREd5T3pycnV6ZlVNT1AxUm83YUY4eGFaUmx1WEJPQVdnR2ZHVzk2YzFpVjVMYzRDeGxfLUI3ZnNzemYxbENxZkpHeWRZS2ZIQUZZMndjRm4wOHRTSU8tZUlMeUVwREphNzZaV1cyOENZQjVKdWkxd2NzOFdDck1nRQ?oc=5\" target=\"_blank\" rel=\"nofollow noopener\">VIDEO JA FOTOD Kaitsev\u00e4e juhataja erikomisjonis: ma ei luba \u00f6elda, et kaitsev\u00e4e raha on \u00e4ra kanditud<\/a>&nbsp;&nbsp;Postimees<\/li>\n<li><a href=\"https:\/\/news.google.com\/rss\/articles\/CBMiqAFBVV95cUxOcTZwaDVXV0RwNXBSbU1lWmdDb3d4ZjRmMlo5WTdVd2xUbmhDT3JlQXY4Z1hxXzNIYkplYm9jaTAtbEFvbTFOQ3pEbzhzbmktMFl0VHBWeG43SWpjZ1VTWFYwb216bGpscHBUd0t3Q09fbkJsYjc2cEpaRnA2X1lFdDFtUnZJNkdSdFkybnlSaV91a0FfZmx1RnNzOUNiUVI5QWNBR3dQb0k?oc=5\" target=\"_blank\" rel=\"nofollow noopener\">Prokuratuur algatas kaitseministeeriumi haldusala suhtes kriminaalmenetluse<\/a>&nbsp;&nbsp;ERR<\/li>\n<li><a href=\"https:\/\/news.google.com\/rss\/articles\/CBMif0FVX3lxTE83cFdNLUJfNGp5bm5BWWpHRjAzS0hCNVU0X1RicjQxUUNyWXdjam5kOGJVRWR5bzN3eDRtN003WTJkemh0NWhObkE4SDdQajNxZ2VPQWRIOThVMVhFSl9NN2Z2cjJzSFROdDRRZXRtMGRTQjgtdWFyRExUWUZmeEk?oc=5\" target=\"_blank\" rel=\"nofollow noopener\">Hanno Pevkur peab tagasi astuma<\/a>&nbsp;&nbsp;aripaev.ee<\/li>\n<li><a href=\"https:\/\/news.google.com\/rss\/articles\/CBMiugFBVV95cUxOeHpjRXhVZjhLWno0MFBJelROb1VRdXEzcVR0c2tBWHBGd01SRUxyMVYxcVJJaURCM3NVNnB2VlR2U0JrbDBrdXExR1c3Z2o4N1djYndBMFIzajhHVHdTUk5lZEwtaTFMblktaElGOU9DeGR6OVVVU3ZKNmFhcVBEdHBLTFZUSEVkN1RESVZ3WVUySjFXYzF4U2lFanNCZXJoYVIxRVA5RXF2aHdoVlpTWWgtVzVtR0pqSFE?oc=5\" target=\"_blank\" rel=\"nofollow noopener\">TV3 uudised: Riigikontroll tuvastas Kaitseministeeriumis olulisi rikkumisi<\/a>&nbsp;&nbsp;tv3.ee<\/li>\n<\/ol>\n","protected":false},"excerpt":{"rendered":"ERAKONDADE VOX POPULI Riho Terras: kaitseminister Hanno Pevkur ei saa enam eelmise vabanduse taha pugeda&nbsp;&nbsp;Postimees VIDEO JA FOTOD&hellip;\n","protected":false},"author":2,"featured_media":266836,"comment_status":"","ping_status":"","sticky":false,"template":"","format":"standard","meta":{"footnotes":"","_share_on_mastodon":"0"},"categories":[5],"tags":[26,27,37,33,35,34,36,31,32,492,21,6446,28,29,23173,19,25,8012,5360,23,24,6944,22,22409,20,30],"class_list":["post-266835","post","type-post","status-publish","format-standard","has-post-thumbnail","category-uldised-uudised","tag-breaking-news","tag-breakingnews","tag-ee","tag-eesti","tag-eesti-keel","tag-estonia","tag-estonian","tag-featured-news","tag-featurednews","tag-hanno-pevkur","tag-headlines","tag-kaitsekulutused","tag-latest-news","tag-latestnews","tag-mursud","tag-news","tag-populaarseimad-lood","tag-riigikontroll","tag-rkik","tag-top-stories","tag-topstories","tag-ukraina-toetamine","tag-uldised-uudised","tag-umbusaldusavaldus","tag-uudised","tag-viimased-uudised"],"share_on_mastodon":{"url":"https:\/\/pubeurope.com\/@ee\/117202386023642053","error":""},"_links":{"self":[{"href":"https:\/\/www.europesays.com\/ee\/wp-json\/wp\/v2\/posts\/266835","targetHints":{"allow":["GET"]}}],"collection":[{"href":"https:\/\/www.europesays.com\/ee\/wp-json\/wp\/v2\/posts"}],"about":[{"href":"https:\/\/www.europesays.com\/ee\/wp-json\/wp\/v2\/types\/post"}],"author":[{"embeddable":true,"href":"https:\/\/www.europesays.com\/ee\/wp-json\/wp\/v2\/users\/2"}],"replies":[{"embeddable":true,"href":"https:\/\/www.europesays.com\/ee\/wp-json\/wp\/v2\/comments?post=266835"}],"version-history":[{"count":0,"href":"https:\/\/www.europesays.com\/ee\/wp-json\/wp\/v2\/posts\/266835\/revisions"}],"wp:featuredmedia":[{"embeddable":true,"href":"https:\/\/www.europesays.com\/ee\/wp-json\/wp\/v2\/media\/266836"}],"wp:attachment":[{"href":"https:\/\/www.europesays.com\/ee\/wp-json\/wp\/v2\/media?parent=266835"}],"wp:term":[{"taxonomy":"category","embeddable":true,"href":"https:\/\/www.europesays.com\/ee\/wp-json\/wp\/v2\/categories?post=266835"},{"taxonomy":"post_tag","embeddable":true,"href":"https:\/\/www.europesays.com\/ee\/wp-json\/wp\/v2\/tags?post=266835"}],"curies":[{"name":"wp","href":"https:\/\/api.w.org\/{rel}","templated":true}]}}