{"id":266839,"date":"2026-09-02T16:33:46","date_gmt":"2026-09-02T16:33:46","guid":{"rendered":"https:\/\/www.europesays.com\/ee\/266839\/"},"modified":"2026-09-02T16:33:46","modified_gmt":"2026-09-02T16:33:46","slug":"avavoorust-null-heina-ja-werderi-taaskohtumine-backhausiga-laks-paris-inetult-tipphetked-soccernet-ee","status":"publish","type":"post","link":"https:\/\/www.europesays.com\/ee\/266839\/","title":{"rendered":"Avavoorust null: Heina ja Werderi taaskohtumine Backhausiga l\u00e4ks p\u00e4ris inetult (tipphetked!) &#8211; Soccernet.ee"},"content":{"rendered":"<p><img decoding=\"async\" src=\"https:\/\/www.europesays.com\/ee\/wp-content\/uploads\/2026\/09\/1788105680.jpg\" alt=\"Karl Jakob Hein kaotas Werderiga 1:4. Foto: Scanpix \/ picture alliance \/ BEAUTIFUL SPORTS\"\/>&#13;\n<\/p>\n<p>Karl Jakob Heina ja Bremeni Werderi jaoks algas uus hooaeg krahhiga: kaitse ei pidanud \u00fcldse ning l\u00f5puvileks vaatas tabloolt vastu 1:4 kaotus.<\/p>\n<p>Bundesliga avavoor oli Werderile ja Heinale niigi m\u00e4rgiline, sest k\u00fclla tuli s\u00f5ita sel suvel Mio Backhausi koduks saanud Freiburgile. Eelmisel aastal kangelt Eesti kindamehel ees seisnud sakslase \u00f5htu kujunes aga \u00fcsna rahulikuks, sest ei Niclas F\u00fcllkrug ega teised suutnud teda suurt proovile panna. Samal ajal oli Hein avapoolajal silmitsi kokku 13 l\u00f6\u00f6giga, millest kaks l\u00e4ksid raamidele. Paraku ka v\u00f5rku.&#13;\n<\/p>\n<p>Werder j\u00e4i v\u00f5\u00f5rsil kaotusseisu 29. minutil, kui pall lendas nurgal\u00f6\u00f6gist v\u00e4ravaesisele, kuhu Yuito Suzuki t\u00e4iesti segamatult tormas ja palli enne Heina v\u00f5rku koksas. Veidi enne vaheaega anti liiga palju ruumi Igor Matanovicile, kes k\u00f5mmutas 20 meetrilt. Bundesliga kolmandat m\u00e4ngu pidanud Hein sirutas, mis ta sirutas, aga pall vihises m\u00f5\u00f5detult tagumisse nurka.&#13;\n<\/p>\n<p>Ei hellitanud eelmise hooaja 15. meeskonda ka teine poolaeg. V\u00e4hem kui kolm minutit peale pausi viis Freiburg palli Werderi kasti vasakult servalt, j\u00e4lle j\u00e4id mehed jagamata ning Suzuki l\u00f5i viiekastilt \u00fcle Heina. Suvel ka MM-il k\u00e4inud Suzuki vormistas veel enne tunni t\u00e4itumist k\u00fcbaratriki: Werder kaotas keskv\u00e4ljal palli, Freiburg tormas kiirelt r\u00fcnnakule, tekitades Heina vastu 1 vs. 1 olukorra, kus polnud varianti v\u00f5itjaks j\u00e4\u00e4da.<\/p>\n<blockquote class=\"twitter-tweet\"><p>&#13;<\/p>\n<p lang=\"en\" dir=\"ltr\">It took Freiburg&#8217;s Yuito Suzuki 55 minutes to get a hat trick against Werder Bremen \ud83d\udca5 <a href=\"https:\/\/t.co\/yrxgVHKChW\" rel=\"nofollow\">pic.twitter.com\/yrxgVHKChW<\/a>&#13;<br \/>\n\u2014 J. Football Now (@j_football_now) <a href=\"https:\/\/x.com\/j_football_now\/status\/2094078513779495019?ref_src=twsrc%5Etfw\" rel=\"nofollow\">August 30, 2026<\/a><\/p>\n<\/blockquote>\n<p>V\u00e4hemalt l\u00f5pps\u00f5na j\u00e4i Werderile, kui 76. minuti nurgal\u00f6\u00f6gist skooris peaga Dariusz Stalmach. Minutid p\u00e4rast seda tegi Hein m\u00e4ngu esimese ja ainsa t\u00f5rje. Sedapuhku l\u00f5i 20 meetrilt Freiburgi kapten Maximilan Eggestein, kes sihtis sentimeetreid esiposti k\u00f5rval, aga Hein viskus s\u00f5rmeotstega vahele ja suunas m\u00e4nguvahendi postip\u00f5rkest \u00fcle otsajoone.<\/p>\n<p>Kohtumise tipphetked:&#13;\n<\/p>\n<p>&#13;\n<\/p>\n<p>Avavooru suurimaks allaj\u00e4\u00e4miseks see ei saanud, sest Stuttgart sai M\u00fcncheni Bayernilt 1:5 l\u00fc\u00fca ja M\u00f6nchengladbachi Borussia kaotas RB Leipzigile 0:3. Siiski said numbrid karmid, sest kuigi Freiburgi 19 l\u00f6\u00f6gist l\u00e4ksid raamidele vaid viis, siis neist omakorda neli l\u00f5petasid v\u00f5rgus. Werder l\u00f5i oma \u00fche v\u00e4rava kolmest raamil\u00f6\u00f6gist J\u00e4rgmisel n\u00e4dalavahetusel v\u00f5\u00f5rustab Werder justnimelt Leipzigi.&#13;\n<\/p>\n<p style=\"text-align: left;\">Kolmeaastase pausi j\u00e4rel uuesti Bundesligas m\u00e4ngiv Schalke alustas kindla kaotusega Augsburgile. P\u00e4rast\u00a0Michael Gregoritschi juhtv\u00e4ravat valas 62. minutil \u00f5li tulle viimase mehena vea teinud\u00a0Ron Schallenbergile n\u00e4idatud punane kaart &#8211; Augsburg v\u00f5itis l\u00f5puks 3:0.<\/p>\n<p>          <script async src=\"https:\/\/platform.twitter.com\/widgets.js\" charset=\"utf-8\"><\/script><\/p>\n","protected":false},"excerpt":{"rendered":"&#13; Karl Jakob Heina ja Bremeni Werderi jaoks algas uus hooaeg krahhiga: kaitse ei pidanud \u00fcldse ning l\u00f5puvileks&hellip;\n","protected":false},"author":2,"featured_media":266840,"comment_status":"","ping_status":"","sticky":false,"template":"","format":"standard","meta":{"footnotes":"","_share_on_mastodon":"0"},"categories":[18],"tags":[526,527,37,33,35,34,36,532,7782,536,51,159,158,539],"class_list":["post-266839","post","type-post","status-publish","format-standard","has-post-thumbnail","category-sport","tag-bremeni-werder","tag-bundesliga","tag-ee","tag-eesti","tag-eesti-keel","tag-estonia","tag-estonian","tag-hein","tag-karl-hein","tag-karl-jakob-hein","tag-saksamaa","tag-sport","tag-sports","tag-werder"],"share_on_mastodon":{"url":"https:\/\/pubeurope.com\/@ee\/117202413968829342","error":""},"_links":{"self":[{"href":"https:\/\/www.europesays.com\/ee\/wp-json\/wp\/v2\/posts\/266839","targetHints":{"allow":["GET"]}}],"collection":[{"href":"https:\/\/www.europesays.com\/ee\/wp-json\/wp\/v2\/posts"}],"about":[{"href":"https:\/\/www.europesays.com\/ee\/wp-json\/wp\/v2\/types\/post"}],"author":[{"embeddable":true,"href":"https:\/\/www.europesays.com\/ee\/wp-json\/wp\/v2\/users\/2"}],"replies":[{"embeddable":true,"href":"https:\/\/www.europesays.com\/ee\/wp-json\/wp\/v2\/comments?post=266839"}],"version-history":[{"count":0,"href":"https:\/\/www.europesays.com\/ee\/wp-json\/wp\/v2\/posts\/266839\/revisions"}],"wp:featuredmedia":[{"embeddable":true,"href":"https:\/\/www.europesays.com\/ee\/wp-json\/wp\/v2\/media\/266840"}],"wp:attachment":[{"href":"https:\/\/www.europesays.com\/ee\/wp-json\/wp\/v2\/media?parent=266839"}],"wp:term":[{"taxonomy":"category","embeddable":true,"href":"https:\/\/www.europesays.com\/ee\/wp-json\/wp\/v2\/categories?post=266839"},{"taxonomy":"post_tag","embeddable":true,"href":"https:\/\/www.europesays.com\/ee\/wp-json\/wp\/v2\/tags?post=266839"}],"curies":[{"name":"wp","href":"https:\/\/api.w.org\/{rel}","templated":true}]}}